{"id":372081,"date":"2019-02-25T00:04:28","date_gmt":"2019-02-25T06:04:28","guid":{"rendered":"http:\/\/diarioavancetabasco.com\/?p=372081"},"modified":"2019-02-25T00:04:29","modified_gmt":"2019-02-25T06:04:29","slug":"gracias-a-mexico","status":"publish","type":"post","link":"https:\/\/diarioavancetabasco.com\/?p=372081","title":{"rendered":"\u2018Gracias a M\u00e9xico\u2019"},"content":{"rendered":"<p><!--\np.p1 {margin: 0.0px 0.0px 0.0px 0.0px; text-align: justify; line-height: 10.0px; font: 52.0px Whitman}\np.p2 {margin: 0.0px 0.0px 0.0px 0.0px; text-align: justify; line-height: 10.0px; font: 10.0px Whitman}\np.p3 {margin: 0.0px 0.0px 0.0px 0.0px; text-align: justify; text-indent: 6.0px; line-height: 10.0px; font: 10.0px Whitman}\nspan.s1 {letter-spacing: -0.2px}\n-->Filmada en blanco y negro y con una atenci\u00f3n minuciosa al detalle, la pel\u00edcula\u00a0\u201cRoma\u201d\u00a0del mexicano\u00a0Alfonso Cuar\u00f3n, gan\u00f3 el\u00a0Oscar a Mejor Fotograf\u00eda\u00a0en la 91 entrega de los Premios de la Academia de Artes y Ciencias Cinematogr\u00e1ficas.<\/p>\n<p>Al subir al escenario del Teatro Dolby,\u00a0Alfonso Cuar\u00f3n\u00a0agradeci\u00f3 el galard\u00f3n a la producci\u00f3n ya su familia.<\/p>\n<p>Como ustedes saben se requiere de mucho trabajo, es una pel\u00edcula creada a partir de mis memorias, tambi\u00e9n fue armada a trav\u00e9s de lo que la cinematograf\u00eda me ha dado. Gracias a M\u00e9xico y a mi familia\u201d, indic\u00f3.<\/p>\n<p>El filme presenta la historia de una familia de clase media que mantiene su uni\u00f3n gracias a la presencia de \u201cCleo\u201d, interpretada por\u00a0Yalitza Aparicio, una ayudante dom\u00e9stica de la etnia mixteca.<\/p>\n","protected":false},"excerpt":{"rendered":"<p>Filmada en blanco y negro y con una atenci\u00f3n minuciosa al detalle, la pel\u00edcula\u00a0\u201cRoma\u201d\u00a0del mexicano\u00a0Alfonso Cuar\u00f3n, gan\u00f3 el\u00a0Oscar a Mejor Fotograf\u00eda\u00a0en la 91 entrega de los Premios de la Academia de Artes y Ciencias Cinematogr\u00e1ficas. Al subir al escenario del Teatro Dolby,\u00a0Alfonso Cuar\u00f3n\u00a0agradeci\u00f3 el galard\u00f3n a la producci\u00f3n ya su familia. Como ustedes saben se [&hellip;]<\/p>\n","protected":false},"author":2,"featured_media":372082,"comment_status":"closed","ping_status":"closed","sticky":false,"template":"","format":"standard","meta":{"footnotes":""},"categories":[11],"tags":[],"class_list":["post-372081","post","type-post","status-publish","format-standard","has-post-thumbnail","hentry","category-espectaculos"],"_links":{"self":[{"href":"https:\/\/diarioavancetabasco.com\/index.php?rest_route=\/wp\/v2\/posts\/372081","targetHints":{"allow":["GET"]}}],"collection":[{"href":"https:\/\/diarioavancetabasco.com\/index.php?rest_route=\/wp\/v2\/posts"}],"about":[{"href":"https:\/\/diarioavancetabasco.com\/index.php?rest_route=\/wp\/v2\/types\/post"}],"author":[{"embeddable":true,"href":"https:\/\/diarioavancetabasco.com\/index.php?rest_route=\/wp\/v2\/users\/2"}],"replies":[{"embeddable":true,"href":"https:\/\/diarioavancetabasco.com\/index.php?rest_route=%2Fwp%2Fv2%2Fcomments&post=372081"}],"version-history":[{"count":2,"href":"https:\/\/diarioavancetabasco.com\/index.php?rest_route=\/wp\/v2\/posts\/372081\/revisions"}],"predecessor-version":[{"id":372091,"href":"https:\/\/diarioavancetabasco.com\/index.php?rest_route=\/wp\/v2\/posts\/372081\/revisions\/372091"}],"wp:featuredmedia":[{"embeddable":true,"href":"https:\/\/diarioavancetabasco.com\/index.php?rest_route=\/wp\/v2\/media\/372082"}],"wp:attachment":[{"href":"https:\/\/diarioavancetabasco.com\/index.php?rest_route=%2Fwp%2Fv2%2Fmedia&parent=372081"}],"wp:term":[{"taxonomy":"category","embeddable":true,"href":"https:\/\/diarioavancetabasco.com\/index.php?rest_route=%2Fwp%2Fv2%2Fcategories&post=372081"},{"taxonomy":"post_tag","embeddable":true,"href":"https:\/\/diarioavancetabasco.com\/index.php?rest_route=%2Fwp%2Fv2%2Ftags&post=372081"}],"curies":[{"name":"wp","href":"https:\/\/api.w.org\/{rel}","templated":true}]}}