{"id":372148,"date":"2019-02-26T00:33:20","date_gmt":"2019-02-26T06:33:20","guid":{"rendered":"http:\/\/diarioavancetabasco.com\/?p=372148"},"modified":"2019-02-26T00:33:26","modified_gmt":"2019-02-26T06:33:26","slug":"felicita-amlo-a-cuaron-por-el-oscar-de-roma","status":"publish","type":"post","link":"https:\/\/diarioavancetabasco.com\/?p=372148","title":{"rendered":"Felicita AMLO a Cuar\u00f3n  por el Oscar de \u201cRoma\u201d"},"content":{"rendered":"<p><!--\np.p1 {margin: 0.0px 0.0px 0.0px 0.0px; text-align: justify; line-height: 10.0px; font: 10.0px Whitman}\np.p2 {margin: 0.0px 0.0px 0.0px 0.0px; text-align: justify; text-indent: 6.0px; line-height: 10.0px; font: 10.0px Whitman}\nspan.s1 {letter-spacing: -0.2px}\n-->El presidente Andr\u00e9s Manuel L\u00f3pez Obrador felicit\u00f3 al cineasta Alfonso Cuar\u00f3n, ganador de tres Oscar por la pel\u00edcula \u201cRoma\u201d.<\/p>\n<p>En su conferencia de prensa matutina, en Palacio Nacional, el mandatario destac\u00f3 que el filme se llev\u00f3 tres estatuillas como mejor pel\u00edcula extranjera, mejor fotograf\u00eda y mejor direcci\u00f3n.<\/p>\n<p>\u201cNos da mucho gusto que un equipo de mexicanos, actores profesionales, tengan este reconocimiento importante en el cine\u201d.<\/p>\n<p>L\u00f3pez Obrador felicit\u00f3 a todos los que hicieron \u201cRoma\u201d.<\/p>\n","protected":false},"excerpt":{"rendered":"<p>El presidente Andr\u00e9s Manuel L\u00f3pez Obrador felicit\u00f3 al cineasta Alfonso Cuar\u00f3n, ganador de tres Oscar por la pel\u00edcula \u201cRoma\u201d. En su conferencia de prensa matutina, en Palacio Nacional, el mandatario destac\u00f3 que el filme se llev\u00f3 tres estatuillas como mejor pel\u00edcula extranjera, mejor fotograf\u00eda y mejor direcci\u00f3n. \u201cNos da mucho gusto que un equipo de [&hellip;]<\/p>\n","protected":false},"author":2,"featured_media":372121,"comment_status":"closed","ping_status":"closed","sticky":false,"template":"","format":"standard","meta":{"footnotes":""},"categories":[9],"tags":[],"class_list":["post-372148","post","type-post","status-publish","format-standard","has-post-thumbnail","hentry","category-politica"],"_links":{"self":[{"href":"https:\/\/diarioavancetabasco.com\/index.php?rest_route=\/wp\/v2\/posts\/372148","targetHints":{"allow":["GET"]}}],"collection":[{"href":"https:\/\/diarioavancetabasco.com\/index.php?rest_route=\/wp\/v2\/posts"}],"about":[{"href":"https:\/\/diarioavancetabasco.com\/index.php?rest_route=\/wp\/v2\/types\/post"}],"author":[{"embeddable":true,"href":"https:\/\/diarioavancetabasco.com\/index.php?rest_route=\/wp\/v2\/users\/2"}],"replies":[{"embeddable":true,"href":"https:\/\/diarioavancetabasco.com\/index.php?rest_route=%2Fwp%2Fv2%2Fcomments&post=372148"}],"version-history":[{"count":2,"href":"https:\/\/diarioavancetabasco.com\/index.php?rest_route=\/wp\/v2\/posts\/372148\/revisions"}],"predecessor-version":[{"id":372185,"href":"https:\/\/diarioavancetabasco.com\/index.php?rest_route=\/wp\/v2\/posts\/372148\/revisions\/372185"}],"wp:featuredmedia":[{"embeddable":true,"href":"https:\/\/diarioavancetabasco.com\/index.php?rest_route=\/wp\/v2\/media\/372121"}],"wp:attachment":[{"href":"https:\/\/diarioavancetabasco.com\/index.php?rest_route=%2Fwp%2Fv2%2Fmedia&parent=372148"}],"wp:term":[{"taxonomy":"category","embeddable":true,"href":"https:\/\/diarioavancetabasco.com\/index.php?rest_route=%2Fwp%2Fv2%2Fcategories&post=372148"},{"taxonomy":"post_tag","embeddable":true,"href":"https:\/\/diarioavancetabasco.com\/index.php?rest_route=%2Fwp%2Fv2%2Ftags&post=372148"}],"curies":[{"name":"wp","href":"https:\/\/api.w.org\/{rel}","templated":true}]}}