{"id":372150,"date":"2019-02-25T21:35:00","date_gmt":"2019-02-26T03:35:00","guid":{"rendered":"http:\/\/diarioavancetabasco.com\/?p=372150"},"modified":"2019-02-25T21:35:00","modified_gmt":"2019-02-26T03:35:00","slug":"grupo-lima-inicia-reunion","status":"publish","type":"post","link":"https:\/\/diarioavancetabasco.com\/?p=372150","title":{"rendered":"Grupo Lima inicia reuni\u00f3n"},"content":{"rendered":"<style type=\"text\/css\"><!--\np.p1 {margin: 0.0px 0.0px 0.0px 0.0px; text-align: justify; line-height: 10.0px; font: 52.0px Whitman}\np.p2 {margin: 0.0px 0.0px 0.0px 0.0px; text-align: justify; line-height: 10.0px; font: 10.0px Whitman}\np.p3 {margin: 0.0px 0.0px 0.0px 0.0px; text-align: justify; text-indent: 6.0px; line-height: 10.0px; font: 10.0px Whitman}\np.p4 {margin: 0.0px 0.0px 0.0px 0.0px; text-align: justify; text-indent: 6.0px; line-height: 10.0px; font: 10.0px Whitman; min-height: 12.0px}\np.p5 {margin: 0.0px 0.0px 0.0px 0.0px; text-align: justify; line-height: 10.0px; font: 11.0px Amplitude}\nspan.s1 {letter-spacing: -0.2px}\nspan.s2 {letter-spacing: -0.1px}\n--><\/style>\n<p>El Grupo de Lima inici\u00f3 ayer lunes\u00a0 su reuni\u00f3n para tratar la situaci\u00f3n de Venezuela tras la fallida entrega de ayuda humanitaria, cita que cuenta con la participaci\u00f3n del presidente de la Asamblea Nacional (AN) de Venezuela, Juan Guaid\u00f3 y del vicepresidente de Estados Unidos, Mike Pence.<\/p>\n<p>En la cita se hace oficial el ingreso de Venezuela representada por Guaid\u00f3, el autoproclamado presidente encargado de Venezuela, y se discuten ayuda humanitaria, migraci\u00f3n, cerco financiero al gobierno venezolano y la restauraci\u00f3n de la democracia.<\/p>\n<p>Previo a la instalaci\u00f3n hubo una reuni\u00f3n entre Pence, Guaid\u00f3 y el anfitri\u00f3n del encuentro, el presidente colombiano Iv\u00e1n Duque, donde el vicepresidente estadounidense expres\u00f3 el apoyo decidido del jefe de la Casa Blanca, Donald Trump.<\/p>\n<p>&nbsp;<\/p>\n<p><b>LO INTEGRAN<\/b><\/p>\n<p>El grupo de Lima formado en agosto de 2017 est\u00e1 integrado por Argentina, Brasil, Canad\u00e1, Chile, Colombia, Costa Rica, Guatemala, Honduras, Panam\u00e1, Paraguay y Per\u00fa, despu\u00e9s se unieron Guyana y Santa Luc\u00eda.<\/p>\n","protected":false},"excerpt":{"rendered":"<p>El Grupo de Lima inici\u00f3 ayer lunes\u00a0 su reuni\u00f3n para tratar la situaci\u00f3n de Venezuela tras la fallida entrega de ayuda humanitaria, cita que cuenta con la participaci\u00f3n del presidente de la Asamblea Nacional (AN) de Venezuela, Juan Guaid\u00f3 y del vicepresidente de Estados Unidos, Mike Pence. En la cita se hace oficial el ingreso [&hellip;]<\/p>\n","protected":false},"author":2,"featured_media":372115,"comment_status":"closed","ping_status":"closed","sticky":false,"template":"","format":"standard","meta":{"footnotes":""},"categories":[4],"tags":[],"class_list":["post-372150","post","type-post","status-publish","format-standard","has-post-thumbnail","hentry","category-mundo"],"_links":{"self":[{"href":"https:\/\/diarioavancetabasco.com\/index.php?rest_route=\/wp\/v2\/posts\/372150","targetHints":{"allow":["GET"]}}],"collection":[{"href":"https:\/\/diarioavancetabasco.com\/index.php?rest_route=\/wp\/v2\/posts"}],"about":[{"href":"https:\/\/diarioavancetabasco.com\/index.php?rest_route=\/wp\/v2\/types\/post"}],"author":[{"embeddable":true,"href":"https:\/\/diarioavancetabasco.com\/index.php?rest_route=\/wp\/v2\/users\/2"}],"replies":[{"embeddable":true,"href":"https:\/\/diarioavancetabasco.com\/index.php?rest_route=%2Fwp%2Fv2%2Fcomments&post=372150"}],"version-history":[{"count":1,"href":"https:\/\/diarioavancetabasco.com\/index.php?rest_route=\/wp\/v2\/posts\/372150\/revisions"}],"predecessor-version":[{"id":372151,"href":"https:\/\/diarioavancetabasco.com\/index.php?rest_route=\/wp\/v2\/posts\/372150\/revisions\/372151"}],"wp:featuredmedia":[{"embeddable":true,"href":"https:\/\/diarioavancetabasco.com\/index.php?rest_route=\/wp\/v2\/media\/372115"}],"wp:attachment":[{"href":"https:\/\/diarioavancetabasco.com\/index.php?rest_route=%2Fwp%2Fv2%2Fmedia&parent=372150"}],"wp:term":[{"taxonomy":"category","embeddable":true,"href":"https:\/\/diarioavancetabasco.com\/index.php?rest_route=%2Fwp%2Fv2%2Fcategories&post=372150"},{"taxonomy":"post_tag","embeddable":true,"href":"https:\/\/diarioavancetabasco.com\/index.php?rest_route=%2Fwp%2Fv2%2Ftags&post=372150"}],"curies":[{"name":"wp","href":"https:\/\/api.w.org\/{rel}","templated":true}]}}