{"id":372220,"date":"2019-02-26T21:36:21","date_gmt":"2019-02-27T03:36:21","guid":{"rendered":"http:\/\/diarioavancetabasco.com\/?p=372220"},"modified":"2019-02-26T21:36:21","modified_gmt":"2019-02-27T03:36:21","slug":"trump-y-kim-en-vietnam","status":"publish","type":"post","link":"https:\/\/diarioavancetabasco.com\/?p=372220","title":{"rendered":"Trump y Kim en Vietnam"},"content":{"rendered":"<style type=\"text\/css\"><!--\np.p1 {margin: 0.0px 0.0px 0.0px 0.0px; text-align: justify; line-height: 10.0px; font: 52.0px Whitman}\np.p2 {margin: 0.0px 0.0px 0.0px 0.0px; text-align: justify; line-height: 10.0px; font: 10.0px Whitman}\np.p3 {margin: 0.0px 0.0px 0.0px 0.0px; text-align: justify; text-indent: 6.0px; line-height: 10.0px; font: 10.0px Whitman}\nspan.s1 {letter-spacing: -0.2px}\n--><\/style>\n<p>Los presidentes de Estados Unidos y Corea del Norte ya se encuentran en Vietnam para celebrar su segunda cumbre bilateral.<\/p>\n<p>El primero en arribar a Hanoi, la capital vietnamita, fue Kim Jong Un, quien descendi\u00f3 hoy por la ma\u00f1ana de su tren especial en el que viaj\u00f3 desde su pa\u00eds.<\/p>\n<p>Horas despu\u00e9s, Donald Trump aterriz\u00f3 en Hanoi a bordo del Air Force One, tras un vuelo de m\u00e1s de 20 horas que incluy\u00f3 dos paradas de repostaje, en el Reino Unido y en Qatar.<\/p>\n<p>La agenda de Trump en Vietnam comenzar\u00e1 este mi\u00e9rcoles con varias reuniones con las autoridades vietnamitas, y su cumbre con Kim arrancar\u00e1 a \u00faltima hora de la tarde, con una cena de trabajo privada con el l\u00edder norcoreano.<\/p>\n","protected":false},"excerpt":{"rendered":"<p>Los presidentes de Estados Unidos y Corea del Norte ya se encuentran en Vietnam para celebrar su segunda cumbre bilateral. El primero en arribar a Hanoi, la capital vietnamita, fue Kim Jong Un, quien descendi\u00f3 hoy por la ma\u00f1ana de su tren especial en el que viaj\u00f3 desde su pa\u00eds. Horas despu\u00e9s, Donald Trump aterriz\u00f3 [&hellip;]<\/p>\n","protected":false},"author":2,"featured_media":372207,"comment_status":"closed","ping_status":"closed","sticky":false,"template":"","format":"standard","meta":{"footnotes":""},"categories":[4],"tags":[],"class_list":["post-372220","post","type-post","status-publish","format-standard","has-post-thumbnail","hentry","category-mundo"],"_links":{"self":[{"href":"https:\/\/diarioavancetabasco.com\/index.php?rest_route=\/wp\/v2\/posts\/372220","targetHints":{"allow":["GET"]}}],"collection":[{"href":"https:\/\/diarioavancetabasco.com\/index.php?rest_route=\/wp\/v2\/posts"}],"about":[{"href":"https:\/\/diarioavancetabasco.com\/index.php?rest_route=\/wp\/v2\/types\/post"}],"author":[{"embeddable":true,"href":"https:\/\/diarioavancetabasco.com\/index.php?rest_route=\/wp\/v2\/users\/2"}],"replies":[{"embeddable":true,"href":"https:\/\/diarioavancetabasco.com\/index.php?rest_route=%2Fwp%2Fv2%2Fcomments&post=372220"}],"version-history":[{"count":1,"href":"https:\/\/diarioavancetabasco.com\/index.php?rest_route=\/wp\/v2\/posts\/372220\/revisions"}],"predecessor-version":[{"id":372221,"href":"https:\/\/diarioavancetabasco.com\/index.php?rest_route=\/wp\/v2\/posts\/372220\/revisions\/372221"}],"wp:featuredmedia":[{"embeddable":true,"href":"https:\/\/diarioavancetabasco.com\/index.php?rest_route=\/wp\/v2\/media\/372207"}],"wp:attachment":[{"href":"https:\/\/diarioavancetabasco.com\/index.php?rest_route=%2Fwp%2Fv2%2Fmedia&parent=372220"}],"wp:term":[{"taxonomy":"category","embeddable":true,"href":"https:\/\/diarioavancetabasco.com\/index.php?rest_route=%2Fwp%2Fv2%2Fcategories&post=372220"},{"taxonomy":"post_tag","embeddable":true,"href":"https:\/\/diarioavancetabasco.com\/index.php?rest_route=%2Fwp%2Fv2%2Ftags&post=372220"}],"curies":[{"name":"wp","href":"https:\/\/api.w.org\/{rel}","templated":true}]}}