{"id":372235,"date":"2019-02-27T00:44:47","date_gmt":"2019-02-27T06:44:47","guid":{"rendered":"http:\/\/diarioavancetabasco.com\/?p=372235"},"modified":"2019-02-27T00:44:55","modified_gmt":"2019-02-27T06:44:55","slug":"inicia-semana-nacional-de-vacunacion-en-balancan","status":"publish","type":"post","link":"https:\/\/diarioavancetabasco.com\/?p=372235","title":{"rendered":"Inicia Semana Nacional de Vacunaci\u00f3n en Balanc\u00e1n"},"content":{"rendered":"<p><!--\np.p1 {margin: 0.0px 0.0px 0.0px 0.0px; text-align: justify; line-height: 10.0px; font: 52.0px Whitman}\np.p2 {margin: 0.0px 0.0px 0.0px 0.0px; text-align: justify; line-height: 10.0px; font: 10.0px Whitman}\np.p3 {margin: 0.0px 0.0px 0.0px 0.0px; text-align: justify; text-indent: 6.0px; line-height: 10.0px; font: 10.0px Whitman}\nspan.s1 {letter-spacing: -0.2px}\n-->BALANC\u00c1N, TAB.- Personal del sector salud de la municipalidad, inauguraron la primera Semana Nacional de Salud, en la que se aplicaran 5 mil vacunas a ni\u00f1os menores de cinco a\u00f1os de m\u00e1s de 120 comunidades rurales as\u00ed tambi\u00e9n 35 colonias populares de la comuna.<\/p>\n<p>Este lunes en las instalaciones del jard\u00edn de ni\u00f1os \u201cFani Bol\u00edvar Sansores\u201d, en la colonia general Luis Felipe Dom\u00ednguez, fue puesta en marcha las actividades de la primera semana nacional de salud, ante la presencia de los alumnos, madres de familia, maestras, personal de salud, incluyendo el jefe de la jurisdicci\u00f3n sanitaria 01 Doctor Nahim Anzures Zurita.<\/p>\n<p>Como Invitada de honor asisti\u00f3 la se\u00f1ora Mar\u00eda Eugenia Rivera Virgilio, quien acompa\u00f1ada del jefe jurisdiccional, aplicaron la primera a dosis a ni\u00f1os de la colonia General Luis Felipe Dom\u00ednguez, adem\u00e1s de que se dieron a conocer como mejorar la alimentaci\u00f3n en la familia, consumiendo agua, frutas y verduras.<\/p>\n<p>En esta inauguraci\u00f3n los ni\u00f1os del jard\u00edn de ni\u00f1os participaron en la marcha de las vacunas, as\u00ed tambi\u00e9n con la canci\u00f3n apl\u00edcatelas para que no te enfermes, adem\u00e1s el jefe jurisdiccional, dio a conocer que en esta primera semana de vacunaci\u00f3n se aplicaran alrededor de 5 mil dosis a ni\u00f1os menores de 05 de a\u00f1os.<\/p>\n<p>El cual recorrer\u00e1n los m\u00e9dicos, enfermeras y personas voluntarias en las m\u00e1s de 120 de comunidades rurales as\u00ed tambi\u00e9n 35 colonias populares, el cual se pretende cubrir todo el municipio, contando con el transporte necesario para realizar dichos trabajos.<\/p>\n<p>El corte del list\u00f3n inaugural estuvo a cargo de la directora del plantel educativo, jefe jurisdiccional,\u00a0 concluyendo con la aplicaci\u00f3n de la primera dosis en su inicio de la primera semana nacional de salud.<\/p>\n","protected":false},"excerpt":{"rendered":"<p>BALANC\u00c1N, TAB.- Personal del sector salud de la municipalidad, inauguraron la primera Semana Nacional de Salud, en la que se aplicaran 5 mil vacunas a ni\u00f1os menores de cinco a\u00f1os de m\u00e1s de 120 comunidades rurales as\u00ed tambi\u00e9n 35 colonias populares de la comuna. Este lunes en las instalaciones del jard\u00edn de ni\u00f1os \u201cFani Bol\u00edvar [&hellip;]<\/p>\n","protected":false},"author":2,"featured_media":372204,"comment_status":"closed","ping_status":"closed","sticky":false,"template":"","format":"standard","meta":{"footnotes":""},"categories":[12],"tags":[],"class_list":["post-372235","post","type-post","status-publish","format-standard","has-post-thumbnail","hentry","category-municipios"],"_links":{"self":[{"href":"https:\/\/diarioavancetabasco.com\/index.php?rest_route=\/wp\/v2\/posts\/372235","targetHints":{"allow":["GET"]}}],"collection":[{"href":"https:\/\/diarioavancetabasco.com\/index.php?rest_route=\/wp\/v2\/posts"}],"about":[{"href":"https:\/\/diarioavancetabasco.com\/index.php?rest_route=\/wp\/v2\/types\/post"}],"author":[{"embeddable":true,"href":"https:\/\/diarioavancetabasco.com\/index.php?rest_route=\/wp\/v2\/users\/2"}],"replies":[{"embeddable":true,"href":"https:\/\/diarioavancetabasco.com\/index.php?rest_route=%2Fwp%2Fv2%2Fcomments&post=372235"}],"version-history":[{"count":2,"href":"https:\/\/diarioavancetabasco.com\/index.php?rest_route=\/wp\/v2\/posts\/372235\/revisions"}],"predecessor-version":[{"id":372276,"href":"https:\/\/diarioavancetabasco.com\/index.php?rest_route=\/wp\/v2\/posts\/372235\/revisions\/372276"}],"wp:featuredmedia":[{"embeddable":true,"href":"https:\/\/diarioavancetabasco.com\/index.php?rest_route=\/wp\/v2\/media\/372204"}],"wp:attachment":[{"href":"https:\/\/diarioavancetabasco.com\/index.php?rest_route=%2Fwp%2Fv2%2Fmedia&parent=372235"}],"wp:term":[{"taxonomy":"category","embeddable":true,"href":"https:\/\/diarioavancetabasco.com\/index.php?rest_route=%2Fwp%2Fv2%2Fcategories&post=372235"},{"taxonomy":"post_tag","embeddable":true,"href":"https:\/\/diarioavancetabasco.com\/index.php?rest_route=%2Fwp%2Fv2%2Ftags&post=372235"}],"curies":[{"name":"wp","href":"https:\/\/api.w.org\/{rel}","templated":true}]}}