{"id":372239,"date":"2019-02-27T00:46:25","date_gmt":"2019-02-27T06:46:25","guid":{"rendered":"http:\/\/diarioavancetabasco.com\/?p=372239"},"modified":"2019-02-27T00:46:30","modified_gmt":"2019-02-27T06:46:30","slug":"no-seguira-siendo-una-gran-cantina","status":"publish","type":"post","link":"https:\/\/diarioavancetabasco.com\/?p=372239","title":{"rendered":"No seguir\u00e1 siendo una gran cantina"},"content":{"rendered":"<p><!--\np.p1 {margin: 0.0px 0.0px 0.0px 0.0px; line-height: 10.0px; font: 52.0px Whitman}\np.p2 {margin: 0.0px 0.0px 0.0px 0.0px; line-height: 10.0px; font: 10.0px Whitman}\nspan.s1 {letter-spacing: -0.2px}\nspan.s2 {letter-spacing: -0.1px}\n-->Felipa Nery<\/p>\n<p>Lo que en un principio naci\u00f3 como una Exposici\u00f3n Tabasque\u00f1a, donde los productores ganaderos y agricultores pod\u00edan exhibir sus mejores ejemplares de ganado, de ma\u00edz, yuca, pl\u00e1tano, sand\u00eda, cacao, y disfrutar de la elecci\u00f3n de la Flor m\u00e1s Bella de Tabasco, que es elegida entre 17 representantes de cada uno de los municipios, con el tiempo se fue perdiendo la finalidad y lleg\u00f3 a convertirse en una Feria, donde lo que prevalec\u00eda era el ambiente de borrachera, de una gran cantina ambulante. Como inicio del rescate de la Feria, ya se cuenta con la declaratoria que hizo el Congreso del Estado, a iniciativa del gobernador Ad\u00e1n Augusto L\u00f3pez Hern\u00e1ndez, de declarar a la Feria Tabasco, como Patrimonio Cultural Intangible del Estado, porque su prop\u00f3sito es el de que la Feria sea un gran escaparate para la promoci\u00f3n cultural de Tabasco, con esta tradicional Feria que a\u00f1o con a\u00f1o tiene lugar y que el pueblo espera con entusiasmo, para divertirse. As\u00ed como Oaxaca cada a\u00f1o celebra su Guelaguetza, de la misma forma Tabasco debe promover su Feria, pero que tenga atractivos culturales qu\u00e9 ofrecer, que no sea s\u00f3lo una gran cantina ambulante, donde la gente se encuentra un puesto de bebidas embriagantes en cada paso que da al recorrer el parque de Feria. Lo que se busca es retomar la Feria como promoci\u00f3n de la cultura, como se hizo en el gobierno de Enrique Gonz\u00e1lez Pedrero, dejar de derrochar tantos recursos econ\u00f3micos que en nada benefician al pueblo. Ahora tambi\u00e9n se ha cambiado la forma de registrar a las embajadoras de cada uno de los municipios, hasta el a\u00f1o pasado, a pesar de la crisis econ\u00f3mica en la que se encontraba la entidad, desde cada municipio tra\u00edan camiones repletos de simpatizantes de la embajadora, con tamborileros, dulces, pozol y otros regalos, para inscribir a la representante, hoy esto ya no ser\u00e1 as\u00ed, sino que ser\u00e1 desde el mismo municipio donde registrar\u00e1n a su embajadora, ellos se encargar\u00e1n de revisar que cumpla con los requisitos que deben cubrir, edad, estatura, residir en el municipio, y ser\u00e1 el municipio, el que en su momento haga llegar la documentaci\u00f3n, tambi\u00e9n por v\u00eda electr\u00f3nica, al Comit\u00e9 o Consejo Ciudadano, que ser\u00e1 el encargado de organizar la Feria, mismo que hasta la fecha no se ha dado a conocer, pero que ser\u00e1 el responsable de organizar y administrar la m\u00e1xima fiesta de los tabasque\u00f1os, por lo que deber\u00e1n preparar algo que venga a dignificar lo que ahora ha sido declarado como Patrimonio Cultural Intangible del Estado, es decir, que se recupere su esencia, la finalidad para la cual fue creada; que si bien hoy en d\u00eda, ya no tenemos una ganader\u00eda tan sobresaliente, como en los a\u00f1os setentas y ochentas, ni una producci\u00f3n agropecuaria importante, por el contrario, esta es casi nula, los organizadores deben hacer uso del ingenio para que la Feria de los tabasque\u00f1os sea un lugar del que se pueda hablar bien, no s\u00f3lo en el pa\u00eds, sino en el extranjero. Hay expertos en el tema a los que se les puede consultar, o incluir, porque cuando ellos estuvieron al frente, fueron organizadas las mejores ferias de Tabasco, me refiero a los licenciados Ignacio Cobo Gonz\u00e1lez y Jorge Alberto Javier Quero.<\/p>\n","protected":false},"excerpt":{"rendered":"<p>Felipa Nery Lo que en un principio naci\u00f3 como una Exposici\u00f3n Tabasque\u00f1a, donde los productores ganaderos y agricultores pod\u00edan exhibir sus mejores ejemplares de ganado, de ma\u00edz, yuca, pl\u00e1tano, sand\u00eda, cacao, y disfrutar de la elecci\u00f3n de la Flor m\u00e1s Bella de Tabasco, que es elegida entre 17 representantes de cada uno de los municipios, [&hellip;]<\/p>\n","protected":false},"author":2,"featured_media":372021,"comment_status":"closed","ping_status":"closed","sticky":false,"template":"","format":"standard","meta":{"footnotes":""},"categories":[9],"tags":[],"class_list":["post-372239","post","type-post","status-publish","format-standard","has-post-thumbnail","hentry","category-politica"],"_links":{"self":[{"href":"https:\/\/diarioavancetabasco.com\/index.php?rest_route=\/wp\/v2\/posts\/372239","targetHints":{"allow":["GET"]}}],"collection":[{"href":"https:\/\/diarioavancetabasco.com\/index.php?rest_route=\/wp\/v2\/posts"}],"about":[{"href":"https:\/\/diarioavancetabasco.com\/index.php?rest_route=\/wp\/v2\/types\/post"}],"author":[{"embeddable":true,"href":"https:\/\/diarioavancetabasco.com\/index.php?rest_route=\/wp\/v2\/users\/2"}],"replies":[{"embeddable":true,"href":"https:\/\/diarioavancetabasco.com\/index.php?rest_route=%2Fwp%2Fv2%2Fcomments&post=372239"}],"version-history":[{"count":2,"href":"https:\/\/diarioavancetabasco.com\/index.php?rest_route=\/wp\/v2\/posts\/372239\/revisions"}],"predecessor-version":[{"id":372278,"href":"https:\/\/diarioavancetabasco.com\/index.php?rest_route=\/wp\/v2\/posts\/372239\/revisions\/372278"}],"wp:featuredmedia":[{"embeddable":true,"href":"https:\/\/diarioavancetabasco.com\/index.php?rest_route=\/wp\/v2\/media\/372021"}],"wp:attachment":[{"href":"https:\/\/diarioavancetabasco.com\/index.php?rest_route=%2Fwp%2Fv2%2Fmedia&parent=372239"}],"wp:term":[{"taxonomy":"category","embeddable":true,"href":"https:\/\/diarioavancetabasco.com\/index.php?rest_route=%2Fwp%2Fv2%2Fcategories&post=372239"},{"taxonomy":"post_tag","embeddable":true,"href":"https:\/\/diarioavancetabasco.com\/index.php?rest_route=%2Fwp%2Fv2%2Ftags&post=372239"}],"curies":[{"name":"wp","href":"https:\/\/api.w.org\/{rel}","templated":true}]}}