{"id":372381,"date":"2019-02-28T22:27:36","date_gmt":"2019-03-01T04:27:36","guid":{"rendered":"http:\/\/diarioavancetabasco.com\/?p=372381"},"modified":"2019-02-28T22:27:36","modified_gmt":"2019-03-01T04:27:36","slug":"gauido-se-reunira-con-presidente-de-brasil-y-embajadores-de-la-ue","status":"publish","type":"post","link":"https:\/\/diarioavancetabasco.com\/?p=372381","title":{"rendered":"Gauid\u00f3 se reunir\u00e1 con presidente  de Brasil y embajadores de la UE"},"content":{"rendered":"<style type=\"text\/css\"><!--\np.p1 {margin: 0.0px 0.0px 0.0px 0.0px; text-align: justify; line-height: 10.0px; font: 10.0px Whitman}\np.p2 {margin: 0.0px 0.0px 0.0px 0.0px; text-align: justify; text-indent: 6.0px; line-height: 10.0px; font: 10.0px Whitman}\nspan.s1 {letter-spacing: -0.2px}\n--><\/style>\n<p>El autonombrado como presidente de Venezuela, Juan Guaid\u00f3, se reunir\u00e1 en Brasilia con el mandatario de Brasil, Jair Bolsonaro, y con embajadores de la Uni\u00f3n Europea (UE).<\/p>\n<p>\u201cLlegamos (a Brasil) a sostener importantes reuniones de trabajo para construir las capacidades y la cooperaci\u00f3n internacional que nos apoya en nuestra ruta hacia la libertad\u201d, escribi\u00f3 Guaid\u00f3 este jueves en su cuenta de la red Twitter.<\/p>\n<p>El encuentro con los diplom\u00e1ticos europeos ser\u00e1 en la sede de la UE en Brasilia, y se llevar\u00e1 a cabo antes del encuentro con Bolsonaro y el canciller brasile\u00f1o Ernesto Ara\u00fajo.<\/p>\n<p>Brasil no reconoce la legitimidad de Maduro como mandatario y considera a Guaid\u00f3 como presidente interino de Venezuela, llama a nuevas elecciones democr\u00e1ticas y pac\u00edficas.<\/p>\n","protected":false},"excerpt":{"rendered":"<p>El autonombrado como presidente de Venezuela, Juan Guaid\u00f3, se reunir\u00e1 en Brasilia con el mandatario de Brasil, Jair Bolsonaro, y con embajadores de la Uni\u00f3n Europea (UE). \u201cLlegamos (a Brasil) a sostener importantes reuniones de trabajo para construir las capacidades y la cooperaci\u00f3n internacional que nos apoya en nuestra ruta hacia la libertad\u201d, escribi\u00f3 Guaid\u00f3 [&hellip;]<\/p>\n","protected":false},"author":2,"featured_media":372364,"comment_status":"closed","ping_status":"closed","sticky":false,"template":"","format":"standard","meta":{"footnotes":""},"categories":[4],"tags":[],"class_list":["post-372381","post","type-post","status-publish","format-standard","has-post-thumbnail","hentry","category-mundo"],"_links":{"self":[{"href":"https:\/\/diarioavancetabasco.com\/index.php?rest_route=\/wp\/v2\/posts\/372381","targetHints":{"allow":["GET"]}}],"collection":[{"href":"https:\/\/diarioavancetabasco.com\/index.php?rest_route=\/wp\/v2\/posts"}],"about":[{"href":"https:\/\/diarioavancetabasco.com\/index.php?rest_route=\/wp\/v2\/types\/post"}],"author":[{"embeddable":true,"href":"https:\/\/diarioavancetabasco.com\/index.php?rest_route=\/wp\/v2\/users\/2"}],"replies":[{"embeddable":true,"href":"https:\/\/diarioavancetabasco.com\/index.php?rest_route=%2Fwp%2Fv2%2Fcomments&post=372381"}],"version-history":[{"count":1,"href":"https:\/\/diarioavancetabasco.com\/index.php?rest_route=\/wp\/v2\/posts\/372381\/revisions"}],"predecessor-version":[{"id":372382,"href":"https:\/\/diarioavancetabasco.com\/index.php?rest_route=\/wp\/v2\/posts\/372381\/revisions\/372382"}],"wp:featuredmedia":[{"embeddable":true,"href":"https:\/\/diarioavancetabasco.com\/index.php?rest_route=\/wp\/v2\/media\/372364"}],"wp:attachment":[{"href":"https:\/\/diarioavancetabasco.com\/index.php?rest_route=%2Fwp%2Fv2%2Fmedia&parent=372381"}],"wp:term":[{"taxonomy":"category","embeddable":true,"href":"https:\/\/diarioavancetabasco.com\/index.php?rest_route=%2Fwp%2Fv2%2Fcategories&post=372381"},{"taxonomy":"post_tag","embeddable":true,"href":"https:\/\/diarioavancetabasco.com\/index.php?rest_route=%2Fwp%2Fv2%2Ftags&post=372381"}],"curies":[{"name":"wp","href":"https:\/\/api.w.org\/{rel}","templated":true}]}}