{"id":372394,"date":"2019-03-01T00:45:39","date_gmt":"2019-03-01T06:45:39","guid":{"rendered":"http:\/\/diarioavancetabasco.com\/?p=372394"},"modified":"2019-03-01T00:45:54","modified_gmt":"2019-03-01T06:45:54","slug":"limpiaran-playa-de-magallanes","status":"publish","type":"post","link":"https:\/\/diarioavancetabasco.com\/?p=372394","title":{"rendered":"Limpiar\u00e1n playa  de Magallanes"},"content":{"rendered":"<p><!--\np.p1 {margin: 0.0px 0.0px 0.0px 0.0px; text-align: justify; line-height: 10.0px; font: 52.0px Whitman}\np.p2 {margin: 0.0px 0.0px 0.0px 0.0px; text-align: justify; line-height: 10.0px; font: 10.0px Whitman}\np.p3 {margin: 0.0px 0.0px 0.0px 0.0px; text-align: justify; text-indent: 6.0px; line-height: 10.0px; font: 10.0px Whitman}\nspan.s1 {letter-spacing: -0.2px}\nspan.s2 {letter-spacing: -0.4px}\n-->VILLA Y PUERTO S\u00c1NCHEZ MAGALLANES, C\u00c1RDENAS, TAB.- Debido al acercamiento del periodo vacacional de semana santa, autoridades locales, a trav\u00e9s del Direcci\u00f3n de Fomento Econ\u00f3mico y Turismo, preparan una ambiciosa tarea de limpieza de las playas de la zona costera.<\/p>\n<p>Por lo que directivos de Protecci\u00f3n Ambiental, Servicio Estatal de Empleo y la antes mencionada, suman esfuerzos para poder brindar mayor informaci\u00f3n a los j\u00f3venes que se interesen en participar en estos programas de empleo temporal, realizando una gira por la Villa y Puerto S\u00e1nchez Magallanes, ejido San Rafael y Sinaloa 2da a promover el programa de playas limpias y empleo temporal para la pr\u00f3xima semana santa y dar a conocer el programa federal j\u00f3venes becarios construyendo el futuro.<\/p>\n<p>A la gira de trabajo. Acudi\u00f3 el Director de Seguridad P\u00fablica, Jos\u00e9 Antonio Cabrera M\u00e9ndez Cabrera M\u00e9ndez, Domingo Delgado de la Cruz de Direcci\u00f3n de Protecci\u00f3n Ambiental y desarrollo Sustentable, Manuela Quiroga Mayo, Gabriel Espinoza Aguilar del servicio municipal que emple\u00f3 quienes emprender\u00e1n los trabajos en las playas para la pr\u00f3xima Semana Santa al acercarse por estos d\u00edas.<\/p>\n<p>As\u00ed tambi\u00e9n. Rub\u00e9n Padr\u00f3n Garc\u00eda director de Fomento Econ\u00f3mico y Turismo en el municipio dijo: que est\u00e1n trabajando en el programa de J\u00f3venes Construyendo el Futuro Programas del gobierno federal a trav\u00e9s del gobierno municipal que est\u00e1 emprendiendo y juntos haciendo hstorias.<\/p>\n","protected":false},"excerpt":{"rendered":"<p>VILLA Y PUERTO S\u00c1NCHEZ MAGALLANES, C\u00c1RDENAS, TAB.- Debido al acercamiento del periodo vacacional de semana santa, autoridades locales, a trav\u00e9s del Direcci\u00f3n de Fomento Econ\u00f3mico y Turismo, preparan una ambiciosa tarea de limpieza de las playas de la zona costera. Por lo que directivos de Protecci\u00f3n Ambiental, Servicio Estatal de Empleo y la antes mencionada, [&hellip;]<\/p>\n","protected":false},"author":2,"featured_media":372368,"comment_status":"closed","ping_status":"closed","sticky":false,"template":"","format":"standard","meta":{"footnotes":""},"categories":[12],"tags":[],"class_list":["post-372394","post","type-post","status-publish","format-standard","has-post-thumbnail","hentry","category-municipios"],"_links":{"self":[{"href":"https:\/\/diarioavancetabasco.com\/index.php?rest_route=\/wp\/v2\/posts\/372394","targetHints":{"allow":["GET"]}}],"collection":[{"href":"https:\/\/diarioavancetabasco.com\/index.php?rest_route=\/wp\/v2\/posts"}],"about":[{"href":"https:\/\/diarioavancetabasco.com\/index.php?rest_route=\/wp\/v2\/types\/post"}],"author":[{"embeddable":true,"href":"https:\/\/diarioavancetabasco.com\/index.php?rest_route=\/wp\/v2\/users\/2"}],"replies":[{"embeddable":true,"href":"https:\/\/diarioavancetabasco.com\/index.php?rest_route=%2Fwp%2Fv2%2Fcomments&post=372394"}],"version-history":[{"count":2,"href":"https:\/\/diarioavancetabasco.com\/index.php?rest_route=\/wp\/v2\/posts\/372394\/revisions"}],"predecessor-version":[{"id":372434,"href":"https:\/\/diarioavancetabasco.com\/index.php?rest_route=\/wp\/v2\/posts\/372394\/revisions\/372434"}],"wp:featuredmedia":[{"embeddable":true,"href":"https:\/\/diarioavancetabasco.com\/index.php?rest_route=\/wp\/v2\/media\/372368"}],"wp:attachment":[{"href":"https:\/\/diarioavancetabasco.com\/index.php?rest_route=%2Fwp%2Fv2%2Fmedia&parent=372394"}],"wp:term":[{"taxonomy":"category","embeddable":true,"href":"https:\/\/diarioavancetabasco.com\/index.php?rest_route=%2Fwp%2Fv2%2Fcategories&post=372394"},{"taxonomy":"post_tag","embeddable":true,"href":"https:\/\/diarioavancetabasco.com\/index.php?rest_route=%2Fwp%2Fv2%2Ftags&post=372394"}],"curies":[{"name":"wp","href":"https:\/\/api.w.org\/{rel}","templated":true}]}}