{"id":372396,"date":"2019-03-01T00:46:33","date_gmt":"2019-03-01T06:46:33","guid":{"rendered":"http:\/\/diarioavancetabasco.com\/?p=372396"},"modified":"2019-03-01T00:46:35","modified_gmt":"2019-03-01T06:46:35","slug":"horario-de-verano-debe-desaparecer","status":"publish","type":"post","link":"https:\/\/diarioavancetabasco.com\/?p=372396","title":{"rendered":"Horario de Verano  debe desaparecer"},"content":{"rendered":"<p><!--\np.p1 {margin: 0.0px 0.0px 0.0px 0.0px; text-align: justify; line-height: 10.0px; font: 52.0px Whitman}\np.p2 {margin: 0.0px 0.0px 0.0px 0.0px; text-align: justify; line-height: 10.0px; font: 10.0px Whitman}\np.p3 {margin: 0.0px 0.0px 0.0px 0.0px; text-align: justify; text-indent: 6.0px; line-height: 10.0px; font: 10.0px Whitman}\nspan.s1 {letter-spacing: -0.2px}\nspan.s2 {letter-spacing: -0.1px}\n-->JONUTA, TAB.- Habitantes solicitan a los diputados del Congreso de Tabasco, cancelen el horario de verano en la entidad, y que este es nocivo para la salud y no representa ahorro de energ\u00eda.<\/p>\n<p>Para ser m\u00e1s espec\u00edfico, como Juan Carlos Garrido Rodr\u00edguez, delegado de la CANACO a nombre de los mismos, demanda al legislador Rafael S\u00e1nchez Cabrales, haga suya la demanda popular de alzar la voz en la c\u00e1mara, para eliminar el citado horario.<\/p>\n<p>Indic\u00f3 que \u201clos legisladores tabasque\u00f1os, entre ellos el jonuteco, Rafael El\u00edas S\u00e1nchez Cabrales, deben de analizar, a trav\u00e9s de la Comisi\u00f3n de Participaci\u00f3n Ciudadana, la propuesta con punto de acuerdo para solicitar al gobierno federal dejar sin efectos el decreto por el que se establece el horario de verano en M\u00e9xico.<\/p>\n<p>Por su parte el secretario de la comuna, Gustavo Guti\u00e9rrez Cruz destac\u00f3 la importancia de esta propuesta, toda vez que los cambios de horario \u201ctraen consecuencias nocivas en la salud de la poblaci\u00f3n, principalmente en las personas adultas mayores y ni\u00f1os, adem\u00e1s de que no generan beneficios econ\u00f3micos o energ\u00e9ticos evidentes\u201d.<\/p>\n<p>Se\u00f1al\u00f3 que en julio del 2018, la Comisi\u00f3n Europea llev\u00f3 a cabo una encuesta sobre este tema, en la que se determin\u00f3 que los cambios de horario generan entre la poblaci\u00f3n cansancio, falta de concentraci\u00f3n y estr\u00e9s.<\/p>\n","protected":false},"excerpt":{"rendered":"<p>JONUTA, TAB.- Habitantes solicitan a los diputados del Congreso de Tabasco, cancelen el horario de verano en la entidad, y que este es nocivo para la salud y no representa ahorro de energ\u00eda. Para ser m\u00e1s espec\u00edfico, como Juan Carlos Garrido Rodr\u00edguez, delegado de la CANACO a nombre de los mismos, demanda al legislador Rafael [&hellip;]<\/p>\n","protected":false},"author":2,"featured_media":372371,"comment_status":"closed","ping_status":"closed","sticky":false,"template":"","format":"standard","meta":{"footnotes":""},"categories":[12],"tags":[],"class_list":["post-372396","post","type-post","status-publish","format-standard","has-post-thumbnail","hentry","category-municipios"],"_links":{"self":[{"href":"https:\/\/diarioavancetabasco.com\/index.php?rest_route=\/wp\/v2\/posts\/372396","targetHints":{"allow":["GET"]}}],"collection":[{"href":"https:\/\/diarioavancetabasco.com\/index.php?rest_route=\/wp\/v2\/posts"}],"about":[{"href":"https:\/\/diarioavancetabasco.com\/index.php?rest_route=\/wp\/v2\/types\/post"}],"author":[{"embeddable":true,"href":"https:\/\/diarioavancetabasco.com\/index.php?rest_route=\/wp\/v2\/users\/2"}],"replies":[{"embeddable":true,"href":"https:\/\/diarioavancetabasco.com\/index.php?rest_route=%2Fwp%2Fv2%2Fcomments&post=372396"}],"version-history":[{"count":2,"href":"https:\/\/diarioavancetabasco.com\/index.php?rest_route=\/wp\/v2\/posts\/372396\/revisions"}],"predecessor-version":[{"id":372435,"href":"https:\/\/diarioavancetabasco.com\/index.php?rest_route=\/wp\/v2\/posts\/372396\/revisions\/372435"}],"wp:featuredmedia":[{"embeddable":true,"href":"https:\/\/diarioavancetabasco.com\/index.php?rest_route=\/wp\/v2\/media\/372371"}],"wp:attachment":[{"href":"https:\/\/diarioavancetabasco.com\/index.php?rest_route=%2Fwp%2Fv2%2Fmedia&parent=372396"}],"wp:term":[{"taxonomy":"category","embeddable":true,"href":"https:\/\/diarioavancetabasco.com\/index.php?rest_route=%2Fwp%2Fv2%2Fcategories&post=372396"},{"taxonomy":"post_tag","embeddable":true,"href":"https:\/\/diarioavancetabasco.com\/index.php?rest_route=%2Fwp%2Fv2%2Ftags&post=372396"}],"curies":[{"name":"wp","href":"https:\/\/api.w.org\/{rel}","templated":true}]}}