{"id":475593,"date":"2024-10-17T00:00:00","date_gmt":"2024-10-17T05:00:00","guid":{"rendered":"https:\/\/diarioavancetabasco.com\/?p=475593"},"modified":"2024-10-16T20:14:08","modified_gmt":"2024-10-17T01:14:08","slug":"siempre-estaremos-del-lado-de-los-trabajadores","status":"publish","type":"post","link":"https:\/\/diarioavancetabasco.com\/?p=475593","title":{"rendered":"Siempre estaremos del lado de los trabajadores"},"content":{"rendered":"\n<p>El Gobierno del Estado siempre estar\u00e1 de lado de las y los trabajadores y ser\u00e1 respetuoso de sus derechos, afirm\u00f3 el Gobernador Javier May Rodr\u00edguez al anunciar la aportaci\u00f3n de un Capital Semilla para volver a conformar el fondo de pensiones del Instituto de Seguridad Social del Estado de Tabasco (ISSET).<\/p>\n\n\n\n<p>En conferencia de prensa, destac\u00f3 que de forma responsable se emprender\u00e1 una serie de acciones para rescatar al ISSET y garantizar no s\u00f3lo el derecho de sus afiliados a tener pensiones dignas, sino tambi\u00e9n que se \u201cmejoren los servicios de salud, que los trabajadores tengan el servicio m\u00e9dico, las medicinas, y que no nos tardemos en la atenci\u00f3n\u201d.<\/p>\n\n\n\n<p>Acompa\u00f1ado del coordinador general de Asuntos Jur\u00eddicos, Jes\u00fas Manuel Arg\u00e1ez de los Santos y el director general del ISSET, Rodolfo Lehmann Mendoza, el gobernador plante\u00f3 la conformaci\u00f3n de una Comisi\u00f3n de la Verdad para aclarar el quebranto del fideicomiso de la instituci\u00f3n y fincar responsabilidades.&nbsp;<\/p>\n\n\n\n<p>COMISI\u00d3N DE LA VERDAD<\/p>\n\n\n\n<p>\u201cVamos a solicitar que el Congreso del Estado, junto con el Gobierno, formemos una Comisi\u00f3n de la Verdad para determinar qu\u00e9 pas\u00f3 con ese fideicomiso, a d\u00f3nde se destin\u00f3 ese recurso de las y los trabajadores, hacia d\u00f3nde se orient\u00f3 ese patrimonio y que sepamos la verdad\u201d, precis\u00f3.<\/p>\n\n\n\n<p>Puntualiz\u00f3 que se trabajar\u00e1 de manera coordinada e inform\u00e1ndole al pueblo, incluso, se reunir\u00e1 con los sindicatos para hablar del tema; y con el Legislativo revisar\u00e1n el mandato de la Corte, para legislar en los temas que quedaron pendientes.<\/p>\n\n\n\n<p>SE ACATAR\u00c1 RESOLUTIVO<\/p>\n\n\n\n<p>El coordinador general de Asuntos Jur\u00eddicos del Gobierno del Estado, Jes\u00fas Manuel Arg\u00e1ez de los Santos, precis\u00f3 los alcances de la acci\u00f3n de inconstitucionalidad resuelta contra la Ley del ISSET y los art\u00edculos que fueron declarados inv\u00e1lidos, remarcando que se acatar\u00e1 el resolutivo de la Suprema Corte de Justicia de la Naci\u00f3n (SCJN).<\/p>\n\n\n\n<p>Expres\u00f3 que esperan la notificaci\u00f3n para que surtan efecto las determinaciones legales y que el Congreso local lleve a cabo la legislaci\u00f3n, para realizar las adecuaciones de conformidad con los criterios se\u00f1alados por la SCJN.<\/p>\n\n\n\n<p>Aclar\u00f3 que la dif\u00edcil situaci\u00f3n econ\u00f3mica por la que atraviesa el ISSET no debe ser impedimento para garantizar servicios de salud a sus derechohabientes.&nbsp;<\/p>\n","protected":false},"excerpt":{"rendered":"<p>El Gobierno del Estado siempre estar\u00e1 de lado de las y los trabajadores y ser\u00e1 respetuoso de sus derechos, afirm\u00f3 el Gobernador Javier May Rodr\u00edguez al anunciar la aportaci\u00f3n de un Capital Semilla para volver a conformar el fondo de pensiones del Instituto de Seguridad Social del Estado de Tabasco (ISSET). En conferencia de prensa, [&hellip;]<\/p>\n","protected":false},"author":2,"featured_media":475595,"comment_status":"closed","ping_status":"closed","sticky":false,"template":"","format":"standard","meta":{"footnotes":""},"categories":[57],"tags":[],"class_list":["post-475593","post","type-post","status-publish","format-standard","has-post-thumbnail","hentry","category-local"],"_links":{"self":[{"href":"https:\/\/diarioavancetabasco.com\/index.php?rest_route=\/wp\/v2\/posts\/475593","targetHints":{"allow":["GET"]}}],"collection":[{"href":"https:\/\/diarioavancetabasco.com\/index.php?rest_route=\/wp\/v2\/posts"}],"about":[{"href":"https:\/\/diarioavancetabasco.com\/index.php?rest_route=\/wp\/v2\/types\/post"}],"author":[{"embeddable":true,"href":"https:\/\/diarioavancetabasco.com\/index.php?rest_route=\/wp\/v2\/users\/2"}],"replies":[{"embeddable":true,"href":"https:\/\/diarioavancetabasco.com\/index.php?rest_route=%2Fwp%2Fv2%2Fcomments&post=475593"}],"version-history":[{"count":1,"href":"https:\/\/diarioavancetabasco.com\/index.php?rest_route=\/wp\/v2\/posts\/475593\/revisions"}],"predecessor-version":[{"id":475596,"href":"https:\/\/diarioavancetabasco.com\/index.php?rest_route=\/wp\/v2\/posts\/475593\/revisions\/475596"}],"wp:featuredmedia":[{"embeddable":true,"href":"https:\/\/diarioavancetabasco.com\/index.php?rest_route=\/wp\/v2\/media\/475595"}],"wp:attachment":[{"href":"https:\/\/diarioavancetabasco.com\/index.php?rest_route=%2Fwp%2Fv2%2Fmedia&parent=475593"}],"wp:term":[{"taxonomy":"category","embeddable":true,"href":"https:\/\/diarioavancetabasco.com\/index.php?rest_route=%2Fwp%2Fv2%2Fcategories&post=475593"},{"taxonomy":"post_tag","embeddable":true,"href":"https:\/\/diarioavancetabasco.com\/index.php?rest_route=%2Fwp%2Fv2%2Ftags&post=475593"}],"curies":[{"name":"wp","href":"https:\/\/api.w.org\/{rel}","templated":true}]}}