{"id":480669,"date":"2025-02-28T00:00:00","date_gmt":"2025-02-28T06:00:00","guid":{"rendered":"https:\/\/diarioavancetabasco.com\/?p=480669"},"modified":"2025-02-27T21:58:04","modified_gmt":"2025-02-28T03:58:04","slug":"el-glamour-se-apodera-del-museo-franz-mayer","status":"publish","type":"post","link":"https:\/\/diarioavancetabasco.com\/?p=480669","title":{"rendered":"El glamour se apodera\u00a0del Museo Franz Mayer"},"content":{"rendered":"\n<p>El ambiente disco de Studio 54 y el glamour de los ilustradores de moda Antonio L\u00f3pez y Juan Ramos se apoderan de las salas del Museo Franz Mayer con una exposici\u00f3n que inaugura y celebra a este d\u00fao puertorrique\u00f1o que marc\u00f3 la historia de la moda.<\/p>\n\n\n\n<p>A trav\u00e9s de 460 piezas, entre las que hay ilustraciones, fotograf\u00edas, archivos y prendas de dise\u00f1ador, y en un recorrido guiado por una pasarela y bolas disco, el p\u00fablico mexicano podr\u00e1 conocer por primera vez el trabajo de estos artistas en Antonio. Moda indomable.<\/p>\n\n\n\n<p>Este \u201cmonstruo bic\u00e9falo\u201d de creatividad, como lo describe la curadora Anne Morin, incursion\u00f3 en la ilustraci\u00f3n de moda en los 60 tras migrar a Nueva York. Era una \u00e9poca en la que la foto a\u00fan no desplazaba al dibujo en las revistas de moda.<\/p>\n\n\n\n<p>Tras estudiar en el Fashion Institute of Technology (FIT), L\u00f3pez y Ramos tuvieron una prol\u00edfica carrera publicando en medios de comunicaci\u00f3n como Women\u2019s Wear Daily, The New York Times, Marie Claire, Harper\u2019s Bazaar y Elle.<\/p>\n\n\n\n<p>\u201cPara Antonio, la modelo s\u00f3lo era el punto de partida, porque empezaba a dibujar cosas que no hab\u00eda. M\u00e1gico, siempre fue as\u00ed\u201d, declar\u00f3 Susan Baraz, modelo y amiga cercana de Antonio.<\/p>\n\n\n\n<p>Adem\u00e1s de trabajar para medios de comunicaci\u00f3n, Antonio L\u00f3pez hizo ilustraciones con fines publicitarios para marcas como Yves Saint Laurent y Oscar de la Renta. Mientras que Juan Ramos, quien tuvo formaci\u00f3n en dise\u00f1o de interiores, dise\u00f1\u00f3 estampados para textiles en Jap\u00f3n; los bocetos y las telas que cre\u00f3 reci\u00e9n se incorporaron al acervo de los artistas y por lo tanto se exhiben por primera vez al p\u00fablico.&nbsp;<\/p>\n","protected":false},"excerpt":{"rendered":"<p>El ambiente disco de Studio 54 y el glamour de los ilustradores de moda Antonio L\u00f3pez y Juan Ramos se apoderan de las salas del Museo Franz Mayer con una exposici\u00f3n que inaugura y celebra a este d\u00fao puertorrique\u00f1o que marc\u00f3 la historia de la moda. A trav\u00e9s de 460 piezas, entre las que hay [&hellip;]<\/p>\n","protected":false},"author":2,"featured_media":480670,"comment_status":"closed","ping_status":"closed","sticky":false,"template":"","format":"standard","meta":{"footnotes":""},"categories":[48],"tags":[],"class_list":["post-480669","post","type-post","status-publish","format-standard","has-post-thumbnail","hentry","category-cultura"],"_links":{"self":[{"href":"https:\/\/diarioavancetabasco.com\/index.php?rest_route=\/wp\/v2\/posts\/480669","targetHints":{"allow":["GET"]}}],"collection":[{"href":"https:\/\/diarioavancetabasco.com\/index.php?rest_route=\/wp\/v2\/posts"}],"about":[{"href":"https:\/\/diarioavancetabasco.com\/index.php?rest_route=\/wp\/v2\/types\/post"}],"author":[{"embeddable":true,"href":"https:\/\/diarioavancetabasco.com\/index.php?rest_route=\/wp\/v2\/users\/2"}],"replies":[{"embeddable":true,"href":"https:\/\/diarioavancetabasco.com\/index.php?rest_route=%2Fwp%2Fv2%2Fcomments&post=480669"}],"version-history":[{"count":1,"href":"https:\/\/diarioavancetabasco.com\/index.php?rest_route=\/wp\/v2\/posts\/480669\/revisions"}],"predecessor-version":[{"id":480671,"href":"https:\/\/diarioavancetabasco.com\/index.php?rest_route=\/wp\/v2\/posts\/480669\/revisions\/480671"}],"wp:featuredmedia":[{"embeddable":true,"href":"https:\/\/diarioavancetabasco.com\/index.php?rest_route=\/wp\/v2\/media\/480670"}],"wp:attachment":[{"href":"https:\/\/diarioavancetabasco.com\/index.php?rest_route=%2Fwp%2Fv2%2Fmedia&parent=480669"}],"wp:term":[{"taxonomy":"category","embeddable":true,"href":"https:\/\/diarioavancetabasco.com\/index.php?rest_route=%2Fwp%2Fv2%2Fcategories&post=480669"},{"taxonomy":"post_tag","embeddable":true,"href":"https:\/\/diarioavancetabasco.com\/index.php?rest_route=%2Fwp%2Fv2%2Ftags&post=480669"}],"curies":[{"name":"wp","href":"https:\/\/api.w.org\/{rel}","templated":true}]}}