{"id":481189,"date":"2025-03-26T00:00:00","date_gmt":"2025-03-26T06:00:00","guid":{"rendered":"https:\/\/diarioavancetabasco.com\/?p=481189"},"modified":"2025-03-25T21:54:28","modified_gmt":"2025-03-26T03:54:28","slug":"el-eclipse-solar-2025-sera-visto-por-millones-de-personas","status":"publish","type":"post","link":"https:\/\/diarioavancetabasco.com\/?p=481189","title":{"rendered":"El eclipse Solar 2025 ser\u00e1 visto por millones de personas\u00a0"},"content":{"rendered":"\n<p>El Eclipse Solar de 2025 promete ser un evento astron\u00f3mico de gran magnitud, cautivando la atenci\u00f3n de cient\u00edficos, astr\u00f3nomos aficionados y observadores de todo el mundo.<\/p>\n\n\n\n<p>Este fen\u00f3meno, donde la Luna cubrir\u00e1 parcialmente o totalmente al Sol, dependiendo de la ubicaci\u00f3n del espectador, se producir\u00e1 en una fecha y hora precisas, que permitir\u00e1n presenciar un espect\u00e1culo visual \u00fanico.<\/p>\n\n\n\n<p>\u00bfCU\u00c1NDO VER EL ECLIPSE&nbsp;<\/p>\n\n\n\n<p>De acuerdo con la Administraci\u00f3n Nacional de Aeron\u00e1utica y el Espacio, m\u00e1s conocida como NASA, el pr\u00f3ximo 29 de marzo se podr\u00e1 admirar el evento astron\u00f3mico en punto de las 8:50 UTC y concluir\u00e1 a las 12:43 UTC.<\/p>\n\n\n\n<p>Este fen\u00f3meno ser\u00e1 visible en Europa, en el norte de Asia, el norte y oeste de \u00c1frica, gran parte de Am\u00e9rica del Norte, en el norte de Am\u00e9rica del Sur, el oc\u00e9ano Atl\u00e1ntico y el \u00c1rtico.<\/p>\n\n\n\n<p>Cabe mencionar que, dicho fen\u00f3meno astron\u00f3mico, no podr\u00e1 ser perceptible en territorio mexicano; sin embargo, se les invita a los amantes de la astronom\u00eda a disfrutar del Eclipse en las diversas plataformas de la agencia especial.<\/p>\n\n\n\n<p>De acuerdo con la NASA, no es seguro mirar directamente al Sol sin protecci\u00f3n ocular especializada para la observaci\u00f3n del Sol, excepto durante la breve fase total de un eclipse solar total, cuando la Luna bloquea completamente la cara brillante del Sol.<\/p>\n","protected":false},"excerpt":{"rendered":"<p>El Eclipse Solar de 2025 promete ser un evento astron\u00f3mico de gran magnitud, cautivando la atenci\u00f3n de cient\u00edficos, astr\u00f3nomos aficionados y observadores de todo el mundo. Este fen\u00f3meno, donde la Luna cubrir\u00e1 parcialmente o totalmente al Sol, dependiendo de la ubicaci\u00f3n del espectador, se producir\u00e1 en una fecha y hora precisas, que permitir\u00e1n presenciar un [&hellip;]<\/p>\n","protected":false},"author":2,"featured_media":481190,"comment_status":"closed","ping_status":"closed","sticky":false,"template":"","format":"standard","meta":{"footnotes":""},"categories":[48],"tags":[],"class_list":["post-481189","post","type-post","status-publish","format-standard","has-post-thumbnail","hentry","category-cultura"],"_links":{"self":[{"href":"https:\/\/diarioavancetabasco.com\/index.php?rest_route=\/wp\/v2\/posts\/481189","targetHints":{"allow":["GET"]}}],"collection":[{"href":"https:\/\/diarioavancetabasco.com\/index.php?rest_route=\/wp\/v2\/posts"}],"about":[{"href":"https:\/\/diarioavancetabasco.com\/index.php?rest_route=\/wp\/v2\/types\/post"}],"author":[{"embeddable":true,"href":"https:\/\/diarioavancetabasco.com\/index.php?rest_route=\/wp\/v2\/users\/2"}],"replies":[{"embeddable":true,"href":"https:\/\/diarioavancetabasco.com\/index.php?rest_route=%2Fwp%2Fv2%2Fcomments&post=481189"}],"version-history":[{"count":1,"href":"https:\/\/diarioavancetabasco.com\/index.php?rest_route=\/wp\/v2\/posts\/481189\/revisions"}],"predecessor-version":[{"id":481192,"href":"https:\/\/diarioavancetabasco.com\/index.php?rest_route=\/wp\/v2\/posts\/481189\/revisions\/481192"}],"wp:featuredmedia":[{"embeddable":true,"href":"https:\/\/diarioavancetabasco.com\/index.php?rest_route=\/wp\/v2\/media\/481190"}],"wp:attachment":[{"href":"https:\/\/diarioavancetabasco.com\/index.php?rest_route=%2Fwp%2Fv2%2Fmedia&parent=481189"}],"wp:term":[{"taxonomy":"category","embeddable":true,"href":"https:\/\/diarioavancetabasco.com\/index.php?rest_route=%2Fwp%2Fv2%2Fcategories&post=481189"},{"taxonomy":"post_tag","embeddable":true,"href":"https:\/\/diarioavancetabasco.com\/index.php?rest_route=%2Fwp%2Fv2%2Ftags&post=481189"}],"curies":[{"name":"wp","href":"https:\/\/api.w.org\/{rel}","templated":true}]}}