{"id":485710,"date":"2025-11-12T00:00:00","date_gmt":"2025-11-12T06:00:00","guid":{"rendered":"https:\/\/diarioavancetabasco.com\/?p=485710"},"modified":"2025-11-11T23:00:51","modified_gmt":"2025-11-12T05:00:51","slug":"dia-nacional-del-libro","status":"publish","type":"post","link":"https:\/\/diarioavancetabasco.com\/?p=485710","title":{"rendered":"D\u00eda nacional del libro"},"content":{"rendered":"\n<p><strong>Por Felipe Hern\u00e1ndez<\/strong><\/p>\n\n\n\n<p>Cada 12 de noviembre, M\u00e9xico celebra el D\u00eda Nacional del Libro, establecido en 1979 por el entonces presidente, Jos\u00e9 L\u00f3pez Portillo, con el objetivo de fomentar la lectura y al mismo tiempo rendir homenaje a una de las figuras de la literatura m\u00e1s importantes del pa\u00eds, Sor Juana In\u00e9s de la Cruz, nacida precisamente ese d\u00eda en 1651.<\/p>\n\n\n\n<p>En sus inicios, este d\u00eda fue promovido por la SEP y el Consejo Nacional para la Cultura y las Artes, con la intenci\u00f3n de crear ferias itinerantes del libro en plazas p\u00fablicas, lo que m\u00e1s tarde inspirar\u00eda a eventos como la FIL de Guadalajara, hoy una de las m\u00e1s importantes del mundo hispano.<\/p>\n\n\n\n<p>M\u00e9xico fue el primer pa\u00eds de Am\u00e9rica Latina en establecer un d\u00eda dedicado al libro, incluso antes de que la UNESCO declarara el D\u00eda Mundial del Libro en 1995. Esto convirti\u00f3 a nuestro pa\u00eds en un pionero en la promoci\u00f3n de la lectura.<\/p>\n\n\n\n<p>El D\u00eda Nacional del Libro no solo celebra a los escritores, sino tambi\u00e9n a los lectores, libreros y editoriales que mantienen viva la palabra impresa. En tiempos de pantallas y redes sociales recordamos que un libro sigue siendo una puerta abierta al conocimiento y la imaginaci\u00f3n.<\/p>\n","protected":false},"excerpt":{"rendered":"<p>Por Felipe Hern\u00e1ndez Cada 12 de noviembre, M\u00e9xico celebra el D\u00eda Nacional del Libro, establecido en 1979 por el entonces presidente, Jos\u00e9 L\u00f3pez Portillo, con el objetivo de fomentar la lectura y al mismo tiempo rendir homenaje a una de las figuras de la literatura m\u00e1s importantes del pa\u00eds, Sor Juana In\u00e9s de la Cruz, [&hellip;]<\/p>\n","protected":false},"author":2,"featured_media":485711,"comment_status":"closed","ping_status":"closed","sticky":false,"template":"","format":"standard","meta":{"footnotes":""},"categories":[48],"tags":[],"class_list":["post-485710","post","type-post","status-publish","format-standard","has-post-thumbnail","hentry","category-cultura"],"_links":{"self":[{"href":"https:\/\/diarioavancetabasco.com\/index.php?rest_route=\/wp\/v2\/posts\/485710","targetHints":{"allow":["GET"]}}],"collection":[{"href":"https:\/\/diarioavancetabasco.com\/index.php?rest_route=\/wp\/v2\/posts"}],"about":[{"href":"https:\/\/diarioavancetabasco.com\/index.php?rest_route=\/wp\/v2\/types\/post"}],"author":[{"embeddable":true,"href":"https:\/\/diarioavancetabasco.com\/index.php?rest_route=\/wp\/v2\/users\/2"}],"replies":[{"embeddable":true,"href":"https:\/\/diarioavancetabasco.com\/index.php?rest_route=%2Fwp%2Fv2%2Fcomments&post=485710"}],"version-history":[{"count":1,"href":"https:\/\/diarioavancetabasco.com\/index.php?rest_route=\/wp\/v2\/posts\/485710\/revisions"}],"predecessor-version":[{"id":485712,"href":"https:\/\/diarioavancetabasco.com\/index.php?rest_route=\/wp\/v2\/posts\/485710\/revisions\/485712"}],"wp:featuredmedia":[{"embeddable":true,"href":"https:\/\/diarioavancetabasco.com\/index.php?rest_route=\/wp\/v2\/media\/485711"}],"wp:attachment":[{"href":"https:\/\/diarioavancetabasco.com\/index.php?rest_route=%2Fwp%2Fv2%2Fmedia&parent=485710"}],"wp:term":[{"taxonomy":"category","embeddable":true,"href":"https:\/\/diarioavancetabasco.com\/index.php?rest_route=%2Fwp%2Fv2%2Fcategories&post=485710"},{"taxonomy":"post_tag","embeddable":true,"href":"https:\/\/diarioavancetabasco.com\/index.php?rest_route=%2Fwp%2Fv2%2Ftags&post=485710"}],"curies":[{"name":"wp","href":"https:\/\/api.w.org\/{rel}","templated":true}]}}