{"id":485935,"date":"2025-11-13T00:00:00","date_gmt":"2025-11-13T06:00:00","guid":{"rendered":"https:\/\/diarioavancetabasco.com\/?p=485935"},"modified":"2025-11-12T22:02:42","modified_gmt":"2025-11-13T04:02:42","slug":"hospitalizan-a-la-guereja","status":"publish","type":"post","link":"https:\/\/diarioavancetabasco.com\/?p=485935","title":{"rendered":"Hospitalizan a \u2018La G\u00fcereja\u2019"},"content":{"rendered":"\n<p>La tarde del 12 de noviembre, trascendi\u00f3 que Mar\u00eda Elena Salda\u00f1a hab\u00eda sido llevada de emergencia a un hospital tras sufrir un accidente en el set de grabaci\u00f3n. La actriz de 62 a\u00f1os se tropez\u00f3 con una alfombra y cay\u00f3 golpe\u00e1ndose la cabeza, lo que provoc\u00f3 alarma entre el equipo de producci\u00f3n.<\/p>\n\n\n\n<p>Se dio un golpazo en la cabeza y se quej\u00f3 que le dol\u00eda mucho. Est\u00e1 bien, descartaron cualquier cosa, inform\u00f3 la periodista Martha Figueroa.<\/p>\n\n\n\n<p>El accidente ocurri\u00f3 el pasado 11 de noviembre, justo al t\u00e9rmino de una jornada de grabaci\u00f3n. Aunque en un primer momento parec\u00eda no revestir gravedad, la actriz comenz\u00f3 a sentir molestias, por lo que fue trasladada a un hospital para ser sometida a estudios m\u00e9dicos que descartaran una lesi\u00f3n mayor.<\/p>\n\n\n\n<p>De acuerdo con la informaci\u00f3n, los m\u00e9dicos descartaron complicaciones graves tras realizarle diversos estudios a la actriz. Sin embargo, le recomendaron guardar reposo durante al menos dos d\u00edas, por lo que se espera que retome sus actividades el pr\u00f3ximo viernes, cuando se reincorporar\u00e1 a las grabaciones de su serie.<\/p>\n\n\n\n<p>La actriz fue trasladada a un hospital para que le practicaran estudios, pues le dol\u00eda la cabeza, detallaron en el programa, aclarando que actualmente se encuentra fuera de peligro.<\/p>\n\n\n\n<p>A pesar del susto, la producci\u00f3n de la telenovela confirm\u00f3 que Salda\u00f1a se encuentra de buen \u00e1nimo y que ha estado en contacto con sus compa\u00f1eros, quienes le han enviado mensajes de cari\u00f1o y pronta recuperaci\u00f3n.<\/p>\n\n\n\n<p>La noticia gener\u00f3 una ola de preocupaci\u00f3n y buenos deseos en redes sociales y entre sus colegas del medio art\u00edstico. Famosos expresaron al aire su cari\u00f1o por la actriz y enviaron mensajes dese\u00e1ndole una pronta mejor\u00eda.<\/p>\n\n\n\n<p>Por su parte, Andrea Legarreta dedic\u00f3 unas palabras especiales:<\/p>\n\n\n\n<p>Mi reina, recup\u00e9rate pronto, escribi\u00f3 la conductora, acompa\u00f1ando su mensaje con una fotograf\u00eda de la comediante.<\/p>\n\n\n\n<p>Fans y figuras del espect\u00e1culo tambi\u00e9n se sumaron a los mensajes de apoyo, destacando el cari\u00f1o que el p\u00fablico siente por La G\u00fcereja, uno de los personajes m\u00e1s entra\u00f1ables de la televisi\u00f3n mexicana.<\/p>\n\n\n\n<p>Cabe recordar que hace apenas unas semanas, Mar\u00eda Elena Salda\u00f1a tambi\u00e9n fue noticia luego de sufrir una ca\u00edda durante una sesi\u00f3n de fotos con Cecilia Galliano. En aquella ocasi\u00f3n, se difundi\u00f3 un video en el que parec\u00eda que Galliano la empujaba con la cadera, provocando su ca\u00edda.<\/p>\n\n\n\n<p>Ambas actrices aclararon despu\u00e9s que se trataba de una escena pactada, y que el percance se debi\u00f3 a un mal paso de Salda\u00f1a, quien perdi\u00f3 el equilibrio y termin\u00f3 en el suelo. Afortunadamente, aquel incidente no pas\u00f3 a mayores.<\/p>\n\n\n\n<p>Con una trayectoria de m\u00e1s de tres d\u00e9cadas en la televisi\u00f3n, el teatro y la comedia, Mar\u00eda Elena Salda\u00f1a se ha ganado el cari\u00f1o del p\u00fablico mexicano por su talento, humor y carisma. Su personaje de La G\u00fcereja marc\u00f3 a toda una generaci\u00f3n y sigue siendo recordado con afecto.<\/p>\n\n\n\n<p>Hoy, sus seguidores celebran que el accidente no haya sido grave y esperan verla pronto de regreso en los escenarios. Mientras tanto, la actriz contin\u00faa en observaci\u00f3n y bajo indicaciones m\u00e9dicas para garantizar una recuperaci\u00f3n segura.<\/p>\n","protected":false},"excerpt":{"rendered":"<p>La tarde del 12 de noviembre, trascendi\u00f3 que Mar\u00eda Elena Salda\u00f1a hab\u00eda sido llevada de emergencia a un hospital tras sufrir un accidente en el set de grabaci\u00f3n. La actriz de 62 a\u00f1os se tropez\u00f3 con una alfombra y cay\u00f3 golpe\u00e1ndose la cabeza, lo que provoc\u00f3 alarma entre el equipo de producci\u00f3n. Se dio un [&hellip;]<\/p>\n","protected":false},"author":2,"featured_media":485936,"comment_status":"closed","ping_status":"closed","sticky":false,"template":"","format":"standard","meta":{"footnotes":""},"categories":[65],"tags":[],"class_list":["post-485935","post","type-post","status-publish","format-standard","has-post-thumbnail","hentry","category-farandula"],"_links":{"self":[{"href":"https:\/\/diarioavancetabasco.com\/index.php?rest_route=\/wp\/v2\/posts\/485935","targetHints":{"allow":["GET"]}}],"collection":[{"href":"https:\/\/diarioavancetabasco.com\/index.php?rest_route=\/wp\/v2\/posts"}],"about":[{"href":"https:\/\/diarioavancetabasco.com\/index.php?rest_route=\/wp\/v2\/types\/post"}],"author":[{"embeddable":true,"href":"https:\/\/diarioavancetabasco.com\/index.php?rest_route=\/wp\/v2\/users\/2"}],"replies":[{"embeddable":true,"href":"https:\/\/diarioavancetabasco.com\/index.php?rest_route=%2Fwp%2Fv2%2Fcomments&post=485935"}],"version-history":[{"count":1,"href":"https:\/\/diarioavancetabasco.com\/index.php?rest_route=\/wp\/v2\/posts\/485935\/revisions"}],"predecessor-version":[{"id":485938,"href":"https:\/\/diarioavancetabasco.com\/index.php?rest_route=\/wp\/v2\/posts\/485935\/revisions\/485938"}],"wp:featuredmedia":[{"embeddable":true,"href":"https:\/\/diarioavancetabasco.com\/index.php?rest_route=\/wp\/v2\/media\/485936"}],"wp:attachment":[{"href":"https:\/\/diarioavancetabasco.com\/index.php?rest_route=%2Fwp%2Fv2%2Fmedia&parent=485935"}],"wp:term":[{"taxonomy":"category","embeddable":true,"href":"https:\/\/diarioavancetabasco.com\/index.php?rest_route=%2Fwp%2Fv2%2Fcategories&post=485935"},{"taxonomy":"post_tag","embeddable":true,"href":"https:\/\/diarioavancetabasco.com\/index.php?rest_route=%2Fwp%2Fv2%2Ftags&post=485935"}],"curies":[{"name":"wp","href":"https:\/\/api.w.org\/{rel}","templated":true}]}}