{"id":485982,"date":"2025-11-13T00:00:00","date_gmt":"2025-11-13T06:00:00","guid":{"rendered":"https:\/\/diarioavancetabasco.com\/?p=485982"},"modified":"2025-11-12T23:24:56","modified_gmt":"2025-11-13T05:24:56","slug":"fatima-bosch-la-voz-que-no-se-dejo-apagar","status":"publish","type":"post","link":"https:\/\/diarioavancetabasco.com\/?p=485982","title":{"rendered":"F\u00e1tima Bosch: la voz que no se dej\u00f3 apagar"},"content":{"rendered":"\n<p>Por Sonia Guadalupe Ger\u00f3nimo Salvador<\/p>\n\n\n\n<p>Cuando F\u00e1tima Bosch, la joven mexicana que lleva la banda de su pa\u00eds con orgullo, lleg\u00f3 a Tailandia para participar en Miss Universo 2025, lo hizo con la sonrisa de quien carga sue\u00f1os grandes y un equipaje lleno de ilusi\u00f3n. Como cualquier mexicana que viaja lejos, tra\u00eda consigo el cari\u00f1o de los suyos, el apoyo de quienes la hab\u00edan visto prepararse durante meses y la emoci\u00f3n de representar a M\u00e9xico frente al mundo. Todo parec\u00eda encaminarse a una historia de glamour, luces y desfiles\u2026 hasta que una escena inesperada cambi\u00f3 el tono del viaje.<\/p>\n\n\n\n<p>Durante una ceremonia oficial del certamen, F\u00e1tima se enfrent\u00f3 a un momento inc\u00f3modo que pronto se volvi\u00f3 viral. Nawat Itsaragrisil, el director tailand\u00e9s del concurso, la cuestion\u00f3 en p\u00fablico por no haber asistido \u2014seg\u00fan \u00e9l\u2014 a ciertas actividades promocionales. Ella intent\u00f3 explicar su situaci\u00f3n, pero fue interrumpida. La tensi\u00f3n creci\u00f3, las c\u00e1maras siguieron grabando, y en medio del murmullo del p\u00fablico, F\u00e1tima pronunci\u00f3 una frase que reson\u00f3 m\u00e1s all\u00e1 del evento: \u201cTengo voz\u201d.<\/p>\n\n\n\n<p>Aquellas dos palabras, tan sencillas, cambiaron el sentido de la conversaci\u00f3n. Porque no s\u00f3lo estaba hablando una concursante de belleza; hablaba una mujer que exig\u00eda respeto. Frente a una autoridad que la menospreciaba, F\u00e1tima sostuvo la mirada y a\u00f1adi\u00f3: \u201cUsted no me est\u00e1 respetando como mujer\u201d. Acto seguido, pidi\u00f3 que se llamara a seguridad y decidi\u00f3 abandonar el lugar con la frente en alto. No hubo gritos ni dramatismos: s\u00f3lo la firmeza tranquila de quien sabe que la dignidad vale m\u00e1s que una corona.<\/p>\n\n\n\n<p>El incidente provoc\u00f3 una ola de apoyo. Compa\u00f1eras de otros pa\u00edses se levantaron junto a ella, como un gesto espont\u00e1neo de solidaridad. En redes sociales, miles de personas aplaudieron su actitud. Y no era para menos: en un escenario donde tantas veces se espera que las concursantes s\u00f3lo sonr\u00edan y asientan, F\u00e1tima record\u00f3 al mundo que la belleza tambi\u00e9n tiene voz, y que esa voz puede y debe hacerse escuchar.<\/p>\n\n\n\n<p>M\u00e1s all\u00e1 de la pol\u00e9mica, el momento deja una reflexi\u00f3n que atraviesa fronteras. \u00bfCu\u00e1ntas veces a las mujeres se les pide \u201cno armar esc\u00e1ndalo\u201d, \u201cno exagerar\u201d, \u201cno responder\u201d? \u00bfCu\u00e1ntas veces se confunde la educaci\u00f3n con el silencio? Lo que pas\u00f3 en ese sal\u00f3n tailand\u00e9s no fue simplemente un malentendido en un concurso; fue el reflejo de algo m\u00e1s profundo: el reclamo de respeto en todos los espacios, incluso o especialmente en los que parecen fr\u00edvolos.<\/p>\n\n\n\n<p>F\u00e1tima Bosch no se levant\u00f3 s\u00f3lo como Miss M\u00e9xico, sino como una mujer consciente de lo que representa. Su gesto nos record\u00f3 que defender la dignidad no necesita gritos ni esc\u00e1ndalos, s\u00f3lo convicci\u00f3n. Que el respeto no se pide: se exige con calma y con claridad.<\/p>\n\n\n\n<p>Y aunque la pol\u00e9mica se enfr\u00ede y el certamen siga su curso, esa imagen de F\u00e1tima saliendo del escenario seguir\u00e1 rondando las redes como s\u00edmbolo de algo m\u00e1s grande que una competencia: el derecho de cada mujer a ser escuchada, sin importar si lleva una corona, un uniforme o una camiseta cualquiera.<\/p>\n\n\n\n<p>Porque s\u00ed, F\u00e1tima tiene voz, y al usarla, nos record\u00f3 que todas la tenemos.<\/p>\n","protected":false},"excerpt":{"rendered":"<p>Por Sonia Guadalupe Ger\u00f3nimo Salvador Cuando F\u00e1tima Bosch, la joven mexicana que lleva la banda de su pa\u00eds con orgullo, lleg\u00f3 a Tailandia para participar en Miss Universo 2025, lo hizo con la sonrisa de quien carga sue\u00f1os grandes y un equipaje lleno de ilusi\u00f3n. Como cualquier mexicana que viaja lejos, tra\u00eda consigo el cari\u00f1o [&hellip;]<\/p>\n","protected":false},"author":2,"featured_media":485983,"comment_status":"closed","ping_status":"closed","sticky":false,"template":"","format":"standard","meta":{"footnotes":""},"categories":[65],"tags":[],"class_list":["post-485982","post","type-post","status-publish","format-standard","has-post-thumbnail","hentry","category-farandula"],"_links":{"self":[{"href":"https:\/\/diarioavancetabasco.com\/index.php?rest_route=\/wp\/v2\/posts\/485982","targetHints":{"allow":["GET"]}}],"collection":[{"href":"https:\/\/diarioavancetabasco.com\/index.php?rest_route=\/wp\/v2\/posts"}],"about":[{"href":"https:\/\/diarioavancetabasco.com\/index.php?rest_route=\/wp\/v2\/types\/post"}],"author":[{"embeddable":true,"href":"https:\/\/diarioavancetabasco.com\/index.php?rest_route=\/wp\/v2\/users\/2"}],"replies":[{"embeddable":true,"href":"https:\/\/diarioavancetabasco.com\/index.php?rest_route=%2Fwp%2Fv2%2Fcomments&post=485982"}],"version-history":[{"count":1,"href":"https:\/\/diarioavancetabasco.com\/index.php?rest_route=\/wp\/v2\/posts\/485982\/revisions"}],"predecessor-version":[{"id":485984,"href":"https:\/\/diarioavancetabasco.com\/index.php?rest_route=\/wp\/v2\/posts\/485982\/revisions\/485984"}],"wp:featuredmedia":[{"embeddable":true,"href":"https:\/\/diarioavancetabasco.com\/index.php?rest_route=\/wp\/v2\/media\/485983"}],"wp:attachment":[{"href":"https:\/\/diarioavancetabasco.com\/index.php?rest_route=%2Fwp%2Fv2%2Fmedia&parent=485982"}],"wp:term":[{"taxonomy":"category","embeddable":true,"href":"https:\/\/diarioavancetabasco.com\/index.php?rest_route=%2Fwp%2Fv2%2Fcategories&post=485982"},{"taxonomy":"post_tag","embeddable":true,"href":"https:\/\/diarioavancetabasco.com\/index.php?rest_route=%2Fwp%2Fv2%2Ftags&post=485982"}],"curies":[{"name":"wp","href":"https:\/\/api.w.org\/{rel}","templated":true}]}}