{"id":486136,"date":"2025-11-14T00:00:00","date_gmt":"2025-11-14T06:00:00","guid":{"rendered":"https:\/\/diarioavancetabasco.com\/?p=486136"},"modified":"2025-11-13T22:46:48","modified_gmt":"2025-11-14T04:46:48","slug":"lady-gaga-admite-que-un-brote-psicotico-freno-su-gira","status":"publish","type":"post","link":"https:\/\/diarioavancetabasco.com\/?p=486136","title":{"rendered":"Lady Gaga admite que un\u00a0brote psic\u00f3tico fren\u00f3 su gira\u00a0"},"content":{"rendered":"\n<p>Agencia\/Ciudad de M\u00e9xico<\/p>\n\n\n\n<p>Lady Gaga confes\u00f3 que no soport\u00f3 la presi\u00f3n que representaron el rodaje de \u201cNace una estrella\u201d hace siete a\u00f1os y el seguimiento de su carrera art\u00edstica con su gira mundial Joanne.<\/p>\n\n\n\n<p>En una reciente entrevista con Rolling Stone, la int\u00e9rprete record\u00f3 que el proyecto junto a Bradley Cooper la consumi\u00f3 al punto de sufrir un brote psic\u00f3tico, lo que la oblig\u00f3 a recibir atenci\u00f3n m\u00e9dica.<\/p>\n\n\n\n<p>De acuerdo con MedlinePlus, los trastornos psic\u00f3ticos son afecciones mentales graves que provocan ideas y percepciones anormales. Las personas que los padecen suelen perder el contacto con la realidad y presentan delirios y alucinaciones.<\/p>\n\n\n\n<p>Sobre aquel impactante episodio, Gaga relat\u00f3:<\/p>\n\n\n\n<p>\u201cUn d\u00eda mi hermana me dijo: \u2018Ya no veo a mi hermana\u2019. Cancel\u00e9 la gira. Un d\u00eda ingres\u00e9 en el hospital para recibir atenci\u00f3n psiqui\u00e1trica. Necesitaba un respiro. No pod\u00eda hacer nada\u2026 Me derrumb\u00e9 por completo. Fue realmente aterrador\u201d.<\/p>\n\n\n\n<p>La recuperaci\u00f3n tampoco fue f\u00e1cil, pues en un momento crey\u00f3 que no lograr\u00eda salir de la situaci\u00f3n. Hoy, sin embargo, se siente agradecida de estar viva y reconoce que el apoyo.<\/p>\n","protected":false},"excerpt":{"rendered":"<p>Agencia\/Ciudad de M\u00e9xico Lady Gaga confes\u00f3 que no soport\u00f3 la presi\u00f3n que representaron el rodaje de \u201cNace una estrella\u201d hace siete a\u00f1os y el seguimiento de su carrera art\u00edstica con su gira mundial Joanne. En una reciente entrevista con Rolling Stone, la int\u00e9rprete record\u00f3 que el proyecto junto a Bradley Cooper la consumi\u00f3 al punto [&hellip;]<\/p>\n","protected":false},"author":2,"featured_media":486137,"comment_status":"closed","ping_status":"closed","sticky":false,"template":"","format":"standard","meta":{"footnotes":""},"categories":[65],"tags":[],"class_list":["post-486136","post","type-post","status-publish","format-standard","has-post-thumbnail","hentry","category-farandula"],"_links":{"self":[{"href":"https:\/\/diarioavancetabasco.com\/index.php?rest_route=\/wp\/v2\/posts\/486136","targetHints":{"allow":["GET"]}}],"collection":[{"href":"https:\/\/diarioavancetabasco.com\/index.php?rest_route=\/wp\/v2\/posts"}],"about":[{"href":"https:\/\/diarioavancetabasco.com\/index.php?rest_route=\/wp\/v2\/types\/post"}],"author":[{"embeddable":true,"href":"https:\/\/diarioavancetabasco.com\/index.php?rest_route=\/wp\/v2\/users\/2"}],"replies":[{"embeddable":true,"href":"https:\/\/diarioavancetabasco.com\/index.php?rest_route=%2Fwp%2Fv2%2Fcomments&post=486136"}],"version-history":[{"count":1,"href":"https:\/\/diarioavancetabasco.com\/index.php?rest_route=\/wp\/v2\/posts\/486136\/revisions"}],"predecessor-version":[{"id":486139,"href":"https:\/\/diarioavancetabasco.com\/index.php?rest_route=\/wp\/v2\/posts\/486136\/revisions\/486139"}],"wp:featuredmedia":[{"embeddable":true,"href":"https:\/\/diarioavancetabasco.com\/index.php?rest_route=\/wp\/v2\/media\/486137"}],"wp:attachment":[{"href":"https:\/\/diarioavancetabasco.com\/index.php?rest_route=%2Fwp%2Fv2%2Fmedia&parent=486136"}],"wp:term":[{"taxonomy":"category","embeddable":true,"href":"https:\/\/diarioavancetabasco.com\/index.php?rest_route=%2Fwp%2Fv2%2Fcategories&post=486136"},{"taxonomy":"post_tag","embeddable":true,"href":"https:\/\/diarioavancetabasco.com\/index.php?rest_route=%2Fwp%2Fv2%2Ftags&post=486136"}],"curies":[{"name":"wp","href":"https:\/\/api.w.org\/{rel}","templated":true}]}}