{"id":486140,"date":"2025-11-14T00:00:00","date_gmt":"2025-11-14T06:00:00","guid":{"rendered":"https:\/\/diarioavancetabasco.com\/?p=486140"},"modified":"2025-11-13T22:48:10","modified_gmt":"2025-11-14T04:48:10","slug":"sara-corrales-sera-mama-actriz-de-el-senor-de-los-cielos","status":"publish","type":"post","link":"https:\/\/diarioavancetabasco.com\/?p=486140","title":{"rendered":"\u00a1Sara Corrales ser\u00e1 mam\u00e1! actriz de \u201cEl se\u00f1or de los cielos\u201d\u00a0"},"content":{"rendered":"\n<p>Agencia\/Ciudad de M\u00e9xico<\/p>\n\n\n\n<p>A tan solo unos meses de haberse casado con el empresario argentino Dami\u00e1n Pasquini, la actriz colombiana Sara Corrales, reconocida por su participaci\u00f3n en la serie \u201cEl se\u00f1or de los cielos\u201d, anunci\u00f3 que se prepara para un nuevo y emocionante cap\u00edtulo en su vida.<\/p>\n\n\n\n<p>A trav\u00e9s de su cuenta oficial de Instagram, la actriz comparti\u00f3 con sus seguidores que espera un beb\u00e9.<\/p>\n\n\n\n<p>&nbsp;\u201cEs un alma que eligi\u00f3 nuestro amor como su hogar para llegar al mundo\u201d, escribi\u00f3 la colombiana en un tierno mensaje acompa\u00f1ado de un video.<\/p>\n\n\n\n<p>En el clip, Pasquini se graba frente al espejo el d\u00eda de su boda con Sara y habla pensando en su familia: \u201cEstamos pensando en ustedes, en uno de los dos o en los dos (beb\u00e9s). Este amor que nos tenemos con Sara se lo vamos a transmitir a nuestra familia\u201d.<\/p>\n\n\n\n<p>El video tambi\u00e9n muestra el emotivo momento en el que la pareja recibe la noticia durante los chequeos m\u00e9dicos, donde Corrales no puede contener las l\u00e1grimas de felicidad mientras su esposo la acompa\u00f1a.<\/p>\n\n\n\n<p>Corrales a\u00f1adi\u00f3 que a\u00fan desconocen el sexo del beb\u00e9, pero por ahora se concentran en celebrar con gratitud y amor: \u201cEsta felicidad es tan inmensa que no pod\u00edamos guardarla solo para nosotros. Beb\u00e9, eres la se\u00f1al m\u00e1s clara de que el amor crea vida, de que el universo escucha.<\/p>\n","protected":false},"excerpt":{"rendered":"<p>Agencia\/Ciudad de M\u00e9xico A tan solo unos meses de haberse casado con el empresario argentino Dami\u00e1n Pasquini, la actriz colombiana Sara Corrales, reconocida por su participaci\u00f3n en la serie \u201cEl se\u00f1or de los cielos\u201d, anunci\u00f3 que se prepara para un nuevo y emocionante cap\u00edtulo en su vida. A trav\u00e9s de su cuenta oficial de Instagram, [&hellip;]<\/p>\n","protected":false},"author":2,"featured_media":486138,"comment_status":"closed","ping_status":"closed","sticky":false,"template":"","format":"standard","meta":{"footnotes":""},"categories":[65],"tags":[],"class_list":["post-486140","post","type-post","status-publish","format-standard","has-post-thumbnail","hentry","category-farandula"],"_links":{"self":[{"href":"https:\/\/diarioavancetabasco.com\/index.php?rest_route=\/wp\/v2\/posts\/486140","targetHints":{"allow":["GET"]}}],"collection":[{"href":"https:\/\/diarioavancetabasco.com\/index.php?rest_route=\/wp\/v2\/posts"}],"about":[{"href":"https:\/\/diarioavancetabasco.com\/index.php?rest_route=\/wp\/v2\/types\/post"}],"author":[{"embeddable":true,"href":"https:\/\/diarioavancetabasco.com\/index.php?rest_route=\/wp\/v2\/users\/2"}],"replies":[{"embeddable":true,"href":"https:\/\/diarioavancetabasco.com\/index.php?rest_route=%2Fwp%2Fv2%2Fcomments&post=486140"}],"version-history":[{"count":1,"href":"https:\/\/diarioavancetabasco.com\/index.php?rest_route=\/wp\/v2\/posts\/486140\/revisions"}],"predecessor-version":[{"id":486141,"href":"https:\/\/diarioavancetabasco.com\/index.php?rest_route=\/wp\/v2\/posts\/486140\/revisions\/486141"}],"wp:featuredmedia":[{"embeddable":true,"href":"https:\/\/diarioavancetabasco.com\/index.php?rest_route=\/wp\/v2\/media\/486138"}],"wp:attachment":[{"href":"https:\/\/diarioavancetabasco.com\/index.php?rest_route=%2Fwp%2Fv2%2Fmedia&parent=486140"}],"wp:term":[{"taxonomy":"category","embeddable":true,"href":"https:\/\/diarioavancetabasco.com\/index.php?rest_route=%2Fwp%2Fv2%2Fcategories&post=486140"},{"taxonomy":"post_tag","embeddable":true,"href":"https:\/\/diarioavancetabasco.com\/index.php?rest_route=%2Fwp%2Fv2%2Ftags&post=486140"}],"curies":[{"name":"wp","href":"https:\/\/api.w.org\/{rel}","templated":true}]}}