{"id":486296,"date":"2025-11-15T12:22:15","date_gmt":"2025-11-15T18:22:15","guid":{"rendered":"https:\/\/diarioavancetabasco.com\/?p=486296"},"modified":"2025-11-15T12:22:15","modified_gmt":"2025-11-15T18:22:15","slug":"angelica-vale-responde-a-los-que-dicen-que-ella-le-fue-infiel-a-su-esposo","status":"publish","type":"post","link":"https:\/\/diarioavancetabasco.com\/?p=486296","title":{"rendered":"Ang\u00e9lica Vale responde a los que dicen que ella le fue infiel a su esposo"},"content":{"rendered":"\n<p>Agencia\/Ciudad de M\u00e9xico<\/p>\n\n\n\n<p>Ang\u00e9lica Vale agradeci\u00f3 el apoyo que ha recibido de sus seguidores, la actriz y conductora confirm\u00f3 hace unos d\u00edas que est\u00e1 en proceso de divorcio tras 14 a\u00f1os casada con el empresario Otto Padr\u00f3n.<\/p>\n\n\n\n<p>Tras darse a conocer el acta de divorcio, de la cual no ten\u00eda conocimiento Ang\u00e9lica, la versi\u00f3n de que ella le habr\u00eda sido infiel a su esposo con un bailar\u00edn del musical \u00abVaselina\u00bb, comenz\u00f3 a viralizarse, mientras ella guardaba silenci\u00f3 y celebraba su cumplea\u00f1os n\u00famero 50.<\/p>\n\n\n\n<p>Precis\u00f3 que desde abril ella y Otto est\u00e1n separados, y aunque \u00e9l ya le hab\u00eda dicho que iniciar\u00eda con el proceso de divorcio, admiti\u00f3 que se enter\u00f3 que ya estaba lista la demanda de la misma forma que se enter\u00f3 el resto del mundo: por redes sociales.<\/p>\n\n\n\n<p>Sin pruebas, en redes sociales circul\u00f3 durante estos d\u00edas la versi\u00f3n de que la hija de Ang\u00e9lica Mar\u00eda le habr\u00eda sido infiel a su marido, con quien tiene dos hijos menores de edad, y aunque Vale no mencion\u00f3 como tal dicha versi\u00f3n, agradeci\u00f3 a sus fans por el apoyo y amor, y sobre todo por no creer en esa falsa historia.<\/p>\n\n\n\n<p>\u00abA no hacer caso a todas estas cosas que se est\u00e1n diciendo, porque es s\u00faper f\u00e1cil de pronto juzgar y decir sin saber la verdadera historia\u00bb, expres\u00f3 en su programa \u00abLa Vale Show\u00bb.<\/p>\n\n\n\n<p>\u00abNo voy a hablar, no porque no tenga c\u00f3mo defenderme sino no voy a hablar primero porque mis abogados me han dicho que no hable, uno, y dos porque yo nunca he estado en esc\u00e1ndalos\u00bb.<\/p>\n\n\n\n<p>\u00abYa me tocar\u00e1 mi momento de hablar, ya me tocar\u00e1 mi momento de decir mi versi\u00f3n, de decir las razones por las que llegamos a tomar esta decisi\u00f3n tanto Otto como yo\u00bb.<\/p>\n\n\n\n<p>Extern\u00f3 su deseo porque ninguna persona que la est\u00e1 juzgando sin saber la verdad, pase por lo que ella est\u00e1 pasando ahora, sintiendo c\u00f3mo esas falsas versiones da\u00f1an a sus hijos Ang\u00e9lica Masiel y Daniel Nicol\u00e1s.<\/p>\n\n\n\n<p>\u00abS\u00f3lo le quiero recordar a toda esa gente que habla por hablar, juzgando sin saber, que ojal\u00e1 nunca a sus hijos le hagan lo que ustedes le hacen sin querer a los m\u00edos\u00bb.<\/p>\n","protected":false},"excerpt":{"rendered":"<p>Agencia\/Ciudad de M\u00e9xico Ang\u00e9lica Vale agradeci\u00f3 el apoyo que ha recibido de sus seguidores, la actriz y conductora confirm\u00f3 hace unos d\u00edas que est\u00e1 en proceso de divorcio tras 14 a\u00f1os casada con el empresario Otto Padr\u00f3n. Tras darse a conocer el acta de divorcio, de la cual no ten\u00eda conocimiento Ang\u00e9lica, la versi\u00f3n de [&hellip;]<\/p>\n","protected":false},"author":2,"featured_media":486297,"comment_status":"closed","ping_status":"closed","sticky":false,"template":"","format":"standard","meta":{"footnotes":""},"categories":[65],"tags":[],"class_list":["post-486296","post","type-post","status-publish","format-standard","has-post-thumbnail","hentry","category-farandula"],"_links":{"self":[{"href":"https:\/\/diarioavancetabasco.com\/index.php?rest_route=\/wp\/v2\/posts\/486296","targetHints":{"allow":["GET"]}}],"collection":[{"href":"https:\/\/diarioavancetabasco.com\/index.php?rest_route=\/wp\/v2\/posts"}],"about":[{"href":"https:\/\/diarioavancetabasco.com\/index.php?rest_route=\/wp\/v2\/types\/post"}],"author":[{"embeddable":true,"href":"https:\/\/diarioavancetabasco.com\/index.php?rest_route=\/wp\/v2\/users\/2"}],"replies":[{"embeddable":true,"href":"https:\/\/diarioavancetabasco.com\/index.php?rest_route=%2Fwp%2Fv2%2Fcomments&post=486296"}],"version-history":[{"count":1,"href":"https:\/\/diarioavancetabasco.com\/index.php?rest_route=\/wp\/v2\/posts\/486296\/revisions"}],"predecessor-version":[{"id":486298,"href":"https:\/\/diarioavancetabasco.com\/index.php?rest_route=\/wp\/v2\/posts\/486296\/revisions\/486298"}],"wp:featuredmedia":[{"embeddable":true,"href":"https:\/\/diarioavancetabasco.com\/index.php?rest_route=\/wp\/v2\/media\/486297"}],"wp:attachment":[{"href":"https:\/\/diarioavancetabasco.com\/index.php?rest_route=%2Fwp%2Fv2%2Fmedia&parent=486296"}],"wp:term":[{"taxonomy":"category","embeddable":true,"href":"https:\/\/diarioavancetabasco.com\/index.php?rest_route=%2Fwp%2Fv2%2Fcategories&post=486296"},{"taxonomy":"post_tag","embeddable":true,"href":"https:\/\/diarioavancetabasco.com\/index.php?rest_route=%2Fwp%2Fv2%2Ftags&post=486296"}],"curies":[{"name":"wp","href":"https:\/\/api.w.org\/{rel}","templated":true}]}}