{"id":486927,"date":"2025-11-19T00:00:00","date_gmt":"2025-11-19T06:00:00","guid":{"rendered":"https:\/\/diarioavancetabasco.com\/?p=486927"},"modified":"2025-11-18T21:50:34","modified_gmt":"2025-11-19T03:50:34","slug":"paulina-rubio-la-gran-ausente-en-los-15-anos-de-su-hijo-andrea-nicolas","status":"publish","type":"post","link":"https:\/\/diarioavancetabasco.com\/?p=486927","title":{"rendered":"Paulina Rubio, la gran ausente en\u00a0los 15 a\u00f1os de su hijo Andrea Nicol\u00e1s"},"content":{"rendered":"\n<p style=\"font-size:20px\"><strong>Agencia\/Espa\u00f1a<\/strong><\/p>\n\n\n\n<p>Paulina Rubio fue la gran ausente en el cumplea\u00f1os n\u00famero 15 de su hijo mayor Andrea Nicol\u00e1s, fruto de su relaci\u00f3n con el empresario espa\u00f1ol Nicol\u00e1s Vallejo-N\u00e1gera, conocido como \u201cColate\u201d.<\/p>\n\n\n\n<p>El menor, celebr\u00f3 su cumplea\u00f1os con su padre, quien presumi\u00f3 unas foto con \u00e9l en redes sociales y un mensaje cumplea\u00f1ero: \u201cAyer celebramos un a\u00f1o m\u00e1s caminando por la Vida\u2026.Muchas felicidades Andrea Nicol\u00e1s\u201d, se lee.<\/p>\n\n\n\n<p>Paulina Rubio y Colate se casaron en 2007 en una ceremonia en Xcaret, M\u00e9xico, y se divorciaron en 2012, desde entonces han enfrentado batallas legales por la custodia y manutenci\u00f3n de Andrea Nicol\u00e1s, quien actualmente vive con su padre.<\/p>\n\n\n\n<p>Play Video<\/p>\n\n\n\n<p>En meses recientes, Andrea Nicol\u00e1s ha vivido per\u00edodos con ambos padres, incluyendo estancias en Espa\u00f1a y Miami, causando versiones cruzadas por su cuidado y residencia. En mayo de 2024 se report\u00f3 un incidente legal relacionado con una supuesta agresi\u00f3n de Paulina a Andrea Nicol\u00e1s, lo que reaviv\u00f3 la lucha legal p\u00fablica y medi\u00e1tica en Miami.<\/p>\n\n\n\n<p>Presuntamente, la cantante habr\u00eda agredido al menor en su intento de arrebatarle el celular para que no hablase con su padre; la cantante denunci\u00f3 a Colate en la Corte de Florida a principios de julio de 2025 acus\u00e1ndolo de \u201cretener contra su voluntad\u201d al ni\u00f1o desde su graduaci\u00f3n el pasado 5 de junio.<\/p>\n","protected":false},"excerpt":{"rendered":"<p>Agencia\/Espa\u00f1a Paulina Rubio fue la gran ausente en el cumplea\u00f1os n\u00famero 15 de su hijo mayor Andrea Nicol\u00e1s, fruto de su relaci\u00f3n con el empresario espa\u00f1ol Nicol\u00e1s Vallejo-N\u00e1gera, conocido como \u201cColate\u201d. El menor, celebr\u00f3 su cumplea\u00f1os con su padre, quien presumi\u00f3 unas foto con \u00e9l en redes sociales y un mensaje cumplea\u00f1ero: \u201cAyer celebramos un [&hellip;]<\/p>\n","protected":false},"author":2,"featured_media":486925,"comment_status":"closed","ping_status":"closed","sticky":false,"template":"","format":"standard","meta":{"footnotes":""},"categories":[65],"tags":[],"class_list":["post-486927","post","type-post","status-publish","format-standard","has-post-thumbnail","hentry","category-farandula"],"_links":{"self":[{"href":"https:\/\/diarioavancetabasco.com\/index.php?rest_route=\/wp\/v2\/posts\/486927","targetHints":{"allow":["GET"]}}],"collection":[{"href":"https:\/\/diarioavancetabasco.com\/index.php?rest_route=\/wp\/v2\/posts"}],"about":[{"href":"https:\/\/diarioavancetabasco.com\/index.php?rest_route=\/wp\/v2\/types\/post"}],"author":[{"embeddable":true,"href":"https:\/\/diarioavancetabasco.com\/index.php?rest_route=\/wp\/v2\/users\/2"}],"replies":[{"embeddable":true,"href":"https:\/\/diarioavancetabasco.com\/index.php?rest_route=%2Fwp%2Fv2%2Fcomments&post=486927"}],"version-history":[{"count":1,"href":"https:\/\/diarioavancetabasco.com\/index.php?rest_route=\/wp\/v2\/posts\/486927\/revisions"}],"predecessor-version":[{"id":486928,"href":"https:\/\/diarioavancetabasco.com\/index.php?rest_route=\/wp\/v2\/posts\/486927\/revisions\/486928"}],"wp:featuredmedia":[{"embeddable":true,"href":"https:\/\/diarioavancetabasco.com\/index.php?rest_route=\/wp\/v2\/media\/486925"}],"wp:attachment":[{"href":"https:\/\/diarioavancetabasco.com\/index.php?rest_route=%2Fwp%2Fv2%2Fmedia&parent=486927"}],"wp:term":[{"taxonomy":"category","embeddable":true,"href":"https:\/\/diarioavancetabasco.com\/index.php?rest_route=%2Fwp%2Fv2%2Fcategories&post=486927"},{"taxonomy":"post_tag","embeddable":true,"href":"https:\/\/diarioavancetabasco.com\/index.php?rest_route=%2Fwp%2Fv2%2Ftags&post=486927"}],"curies":[{"name":"wp","href":"https:\/\/api.w.org\/{rel}","templated":true}]}}