{"id":486973,"date":"2025-11-19T16:07:38","date_gmt":"2025-11-19T22:07:38","guid":{"rendered":"https:\/\/diarioavancetabasco.com\/?p=486973"},"modified":"2025-11-19T16:07:38","modified_gmt":"2025-11-19T22:07:38","slug":"poetas-iberoamericanos-participan-en-el-recital-inventamos-la-vida-cada-dia","status":"publish","type":"post","link":"https:\/\/diarioavancetabasco.com\/?p=486973","title":{"rendered":"Poetas iberoamericanos participan en el recital \u201cInventamos la vida cada d\u00eda\u201d"},"content":{"rendered":"\n<p><strong>Redacci\u00f3n\/AVANCE<\/strong><\/p>\n\n\n\n<p>El recital \u201cInventamos la vida cada d\u00eda\u201d, realizado como parte del Encuentro Iberoamericano de Trova y Poes\u00eda 2025, reuni\u00f3 a creadoras y creadores de Cuba, Colombia, Argentina y M\u00e9xico, quienes compartieron con la comunidad universitaria poemas marcados por la memoria, la p\u00e9rdida, la resiliencia y la identidad.<\/p>\n\n\n\n<p>En el marco del 67 Aniversario de la Universidad Ju\u00e1rez Aut\u00f3noma de Tabasco (UJAT), la actividad tuvo lugar en el vest\u00edbulo del CIVE, en donde por m\u00e1s de una hora, las voces iberoamericanas dieron vida a una jornada literaria cargada de emotividad y reflexi\u00f3n, subrayando la importancia de la palabra como espacio para reconstruirse y comprender la experiencia humana.<\/p>\n\n\n\n<p>Leymen P\u00e9rez de Cuba, abri\u00f3 la sesi\u00f3n con textos que emergen de episodios personales vinculados al miedo, la enfermedad y la resistencia interior. Comparti\u00f3 fragmentos de \u201cEl sol da derrota\u201d, evocando la claustrofobia que enfrent\u00f3 tras quedar atrapado en un elevador, y de \u201cSubsuelos\u201d, un libro dedicado a su abuela, cuyo proceso de recuperaci\u00f3n inspir\u00f3 im\u00e1genes po\u00e9ticas donde el dolor y la fortaleza se entrelazan en met\u00e1foras que conmueven al lector.<\/p>\n\n\n\n<p>La escritora colombiana Tatik Carri\u00f3n ofreci\u00f3 poemas surgidos de momentos de duelo y b\u00fasqueda interior. Con \u201cRitual y oraci\u00f3n a una estrella fugaz\u201d, la autora reflexion\u00f3 sobre la identidad, la reinvenci\u00f3n cotidiana y la memoria de su mejor amiga, fallecida en 2019 durante un periodo de convulsi\u00f3n social en Chile. Su lectura invit\u00f3 a valorar la vida, la amistad y la capacidad humana de resignificar el dolor a trav\u00e9s del lenguaje.<\/p>\n\n\n\n<p>Valeria Verona de Argentina, comparti\u00f3 una serie de poemas guiados por la pregunta \u00bfqu\u00e9 sonido tiene la voz de la herida?, en las que explor\u00f3 la reconstrucci\u00f3n emocional y corporal, tejiendo im\u00e1genes donde el cuerpo, la memoria y la poes\u00eda se funden en un proceso de sanaci\u00f3n simb\u00f3lica.<\/p>\n\n\n\n<p>El poeta mexicano \u00c1lvaro Sol\u00eds cerr\u00f3 el recital con un texto que emerge de su investigaci\u00f3n sobre la afrodescendencia en M\u00e9xico y la reconstrucci\u00f3n de la historia familiar marcada por la esclavitud en Yucat\u00e1n. A trav\u00e9s del poema \u201cLa matada\u201d, inspirado en un suceso registrado en 1675, el autor llev\u00f3 al p\u00fablico a un viaje literario atravesado por la memoria hist\u00f3rica, la violencia, la libertad y la persistencia de las ra\u00edces africanas en el territorio mexicano.<\/p>\n","protected":false},"excerpt":{"rendered":"<p>Redacci\u00f3n\/AVANCE El recital \u201cInventamos la vida cada d\u00eda\u201d, realizado como parte del Encuentro Iberoamericano de Trova y Poes\u00eda 2025, reuni\u00f3 a creadoras y creadores de Cuba, Colombia, Argentina y M\u00e9xico, quienes compartieron con la comunidad universitaria poemas marcados por la memoria, la p\u00e9rdida, la resiliencia y la identidad. En el marco del 67 Aniversario de [&hellip;]<\/p>\n","protected":false},"author":2,"featured_media":486974,"comment_status":"closed","ping_status":"closed","sticky":false,"template":"","format":"standard","meta":{"footnotes":""},"categories":[57],"tags":[],"class_list":["post-486973","post","type-post","status-publish","format-standard","has-post-thumbnail","hentry","category-local"],"_links":{"self":[{"href":"https:\/\/diarioavancetabasco.com\/index.php?rest_route=\/wp\/v2\/posts\/486973","targetHints":{"allow":["GET"]}}],"collection":[{"href":"https:\/\/diarioavancetabasco.com\/index.php?rest_route=\/wp\/v2\/posts"}],"about":[{"href":"https:\/\/diarioavancetabasco.com\/index.php?rest_route=\/wp\/v2\/types\/post"}],"author":[{"embeddable":true,"href":"https:\/\/diarioavancetabasco.com\/index.php?rest_route=\/wp\/v2\/users\/2"}],"replies":[{"embeddable":true,"href":"https:\/\/diarioavancetabasco.com\/index.php?rest_route=%2Fwp%2Fv2%2Fcomments&post=486973"}],"version-history":[{"count":1,"href":"https:\/\/diarioavancetabasco.com\/index.php?rest_route=\/wp\/v2\/posts\/486973\/revisions"}],"predecessor-version":[{"id":486975,"href":"https:\/\/diarioavancetabasco.com\/index.php?rest_route=\/wp\/v2\/posts\/486973\/revisions\/486975"}],"wp:featuredmedia":[{"embeddable":true,"href":"https:\/\/diarioavancetabasco.com\/index.php?rest_route=\/wp\/v2\/media\/486974"}],"wp:attachment":[{"href":"https:\/\/diarioavancetabasco.com\/index.php?rest_route=%2Fwp%2Fv2%2Fmedia&parent=486973"}],"wp:term":[{"taxonomy":"category","embeddable":true,"href":"https:\/\/diarioavancetabasco.com\/index.php?rest_route=%2Fwp%2Fv2%2Fcategories&post=486973"},{"taxonomy":"post_tag","embeddable":true,"href":"https:\/\/diarioavancetabasco.com\/index.php?rest_route=%2Fwp%2Fv2%2Ftags&post=486973"}],"curies":[{"name":"wp","href":"https:\/\/api.w.org\/{rel}","templated":true}]}}