{"id":486984,"date":"2025-11-19T17:43:27","date_gmt":"2025-11-19T23:43:27","guid":{"rendered":"https:\/\/diarioavancetabasco.com\/?p=486984"},"modified":"2025-11-19T17:43:27","modified_gmt":"2025-11-19T23:43:27","slug":"waldo-leyva-regresa-a-la-ujat","status":"publish","type":"post","link":"https:\/\/diarioavancetabasco.com\/?p=486984","title":{"rendered":"Waldo Leyva regresa a la UJAT"},"content":{"rendered":"\n<p>El amor, la zozobra, la tristeza, la a\u00f1oranza y la reflexi\u00f3n, fueron parte de los mensajes que poetas iberoamericanos dedicaron a trav\u00e9s de sus versos a los asistentes al recital de poes\u00eda \u201cTodo se vuelve canto\u201d, que se enmarc\u00f3 en el 67 aniversario de la Universidad Ju\u00e1rez Aut\u00f3noma de Tabasco (UJAT).<\/p>\n\n\n\n<p>La jornada literaria inici\u00f3 con el poeta, ensayista y periodista cubano, Waldo Leyva, quien evoc\u00f3 im\u00e1genes mentales de las costas cubanas a trav\u00e9s de los versos que componen las piezas \u201cEl mar saltaba inquiero sobre el muro\u201d y \u201cHoy hicimos el amor\u201d.<\/p>\n\n\n\n<p>En contraste, la escritora y traductora mexicana, Andrea Rivas, recit\u00f3 el poema \u201c3 am\u201d, cuyo origen, comparti\u00f3, se remonta a los sentimientos experimentados tras el fallecimiento de su hermana.<\/p>\n\n\n\n<p>A su vez, la periodista cubana, Margarita S\u00e1nchez-Gallinal, dedic\u00f3 su intervenci\u00f3n a las j\u00f3venes que acudieron al evento, para quienes ley\u00f3 \u201cTop model\u201d: pieza literaria que cr\u00edtica los est\u00e1ndares y las imposiciones de belleza otorgadas a las mujeres, principalmente en el periodo juvenil.<\/p>\n\n\n\n<p>En presencia del director de Difusi\u00f3n Cultural de la UJAT, Miguel \u00c1ngel Ruiz Magdonel, el poeta mexicano, Roberto Am\u00e9zquita, ley\u00f3 el poema \u201cTres rosas distintas\u201d, el cual funciona como una met\u00e1fora de que la existencia humana es tan corta como la vida de las flores.<\/p>\n","protected":false},"excerpt":{"rendered":"<p>El amor, la zozobra, la tristeza, la a\u00f1oranza y la reflexi\u00f3n, fueron parte de los mensajes que poetas iberoamericanos dedicaron a trav\u00e9s de sus versos a los asistentes al recital de poes\u00eda \u201cTodo se vuelve canto\u201d, que se enmarc\u00f3 en el 67 aniversario de la Universidad Ju\u00e1rez Aut\u00f3noma de Tabasco (UJAT). La jornada literaria inici\u00f3 [&hellip;]<\/p>\n","protected":false},"author":2,"featured_media":486985,"comment_status":"closed","ping_status":"closed","sticky":false,"template":"","format":"standard","meta":{"footnotes":""},"categories":[57],"tags":[],"class_list":["post-486984","post","type-post","status-publish","format-standard","has-post-thumbnail","hentry","category-local"],"_links":{"self":[{"href":"https:\/\/diarioavancetabasco.com\/index.php?rest_route=\/wp\/v2\/posts\/486984","targetHints":{"allow":["GET"]}}],"collection":[{"href":"https:\/\/diarioavancetabasco.com\/index.php?rest_route=\/wp\/v2\/posts"}],"about":[{"href":"https:\/\/diarioavancetabasco.com\/index.php?rest_route=\/wp\/v2\/types\/post"}],"author":[{"embeddable":true,"href":"https:\/\/diarioavancetabasco.com\/index.php?rest_route=\/wp\/v2\/users\/2"}],"replies":[{"embeddable":true,"href":"https:\/\/diarioavancetabasco.com\/index.php?rest_route=%2Fwp%2Fv2%2Fcomments&post=486984"}],"version-history":[{"count":1,"href":"https:\/\/diarioavancetabasco.com\/index.php?rest_route=\/wp\/v2\/posts\/486984\/revisions"}],"predecessor-version":[{"id":486986,"href":"https:\/\/diarioavancetabasco.com\/index.php?rest_route=\/wp\/v2\/posts\/486984\/revisions\/486986"}],"wp:featuredmedia":[{"embeddable":true,"href":"https:\/\/diarioavancetabasco.com\/index.php?rest_route=\/wp\/v2\/media\/486985"}],"wp:attachment":[{"href":"https:\/\/diarioavancetabasco.com\/index.php?rest_route=%2Fwp%2Fv2%2Fmedia&parent=486984"}],"wp:term":[{"taxonomy":"category","embeddable":true,"href":"https:\/\/diarioavancetabasco.com\/index.php?rest_route=%2Fwp%2Fv2%2Fcategories&post=486984"},{"taxonomy":"post_tag","embeddable":true,"href":"https:\/\/diarioavancetabasco.com\/index.php?rest_route=%2Fwp%2Fv2%2Ftags&post=486984"}],"curies":[{"name":"wp","href":"https:\/\/api.w.org\/{rel}","templated":true}]}}