{"id":486993,"date":"2025-11-20T00:00:00","date_gmt":"2025-11-20T06:00:00","guid":{"rendered":"https:\/\/diarioavancetabasco.com\/?p=486993"},"modified":"2025-11-19T21:19:32","modified_gmt":"2025-11-20T03:19:32","slug":"con-unidad-vision-y-determinacion-avanza-la-educacion-en-tabasco","status":"publish","type":"post","link":"https:\/\/diarioavancetabasco.com\/?p=486993","title":{"rendered":"\u201cCon unidad, visi\u00f3n y determinaci\u00f3n avanza la educaci\u00f3n en Tabasco\u201d"},"content":{"rendered":"\n<p style=\"font-size:20px\"><strong>Redacci\u00f3n\/Avance<\/strong><\/p>\n\n\n\n<p>Al afirmar ante las y los integrantes de la LXV Legislatura del Congreso del Estado de Tabasco que la administraci\u00f3n del gobernador Javier May Rodr\u00edguez asume la educaci\u00f3n no solo como un derecho, sino como un instrumento de justicia social y de oportunidades, la titular de la Secretar\u00eda de Educaci\u00f3n del Estado de Tabasco (SETAB), Patricia Iparrea S\u00e1nchez, destac\u00f3 que desde esta dependencia se trabaja para dar continuidad y fortalecer la Nueva Escuela Mexicana, \u201cconsolid\u00e1ndola como un modelo pedag\u00f3gico transformador que pone al ser humano en el centro del proceso educativo.<\/p>\n\n\n\n<p>Al asistir a la sede del Poder Legislativo para responder la Glosa del Primer Informe de Gobierno, la responsable de la pol\u00edtica educativa en Tabasco inform\u00f3 a las y los parlamentarios que durante este primer a\u00f1o de la administraci\u00f3n se han implementado acciones estrat\u00e9gicas alineadas con la pol\u00edtica p\u00fablica que impulsa el titular del Poder Ejecutivo Estatal, orientadas a consolidar un sistema educativo m\u00e1s inclusivo, equitativo y transformador.<\/p>\n\n\n\n<p>Al reafirmar que la educaci\u00f3n es la principal garant\u00eda de igualdad, porque a trav\u00e9s de ella se alcanza el desarrollo personal y profesional de cada individuo, Iparrea S\u00e1nchez inform\u00f3 que para el inicio del ciclo escolar 2025-2026, en el mes de febrero se llev\u00f3 a cabo el proceso de inscripciones en l\u00ednea, en apego a las pol\u00edticas p\u00fablicas de un Gobierno Digital, brindando mayor accesibilidad y facilidades a la ciudadan\u00eda.&nbsp;<\/p>\n\n\n\n<p>Indic\u00f3 que, gracias a estas acciones, se garantiz\u00f3 el acceso a la educaci\u00f3n b\u00e1sica a m\u00e1s de 132 mil alumnos de nuevo ingreso, iniciando el ciclo escolar con una matr\u00edcula de 720 mil 211 alumnos y alumnas, distribuidos en 5 mil 894 planteles, atendidos por 39 mil 231 maestras y maestros de todos los niveles que conforman el sistema educativo estatal, tanto p\u00fablico, como privado.<\/p>\n\n\n\n<p>Se\u00f1al\u00f3 que con el compromiso de llevar la educaci\u00f3n a las poblaciones m\u00e1s vulnerables y dar un paso importante en la lucha contra la brecha de desigualdad educativa, se llev\u00f3 a cabo la reactivaci\u00f3n de dos Telesecundarias en los municipios de Balanc\u00e1n.<\/p>\n","protected":false},"excerpt":{"rendered":"<p>Redacci\u00f3n\/Avance Al afirmar ante las y los integrantes de la LXV Legislatura del Congreso del Estado de Tabasco que la administraci\u00f3n del gobernador Javier May Rodr\u00edguez asume la educaci\u00f3n no solo como un derecho, sino como un instrumento de justicia social y de oportunidades, la titular de la Secretar\u00eda de Educaci\u00f3n del Estado de Tabasco [&hellip;]<\/p>\n","protected":false},"author":2,"featured_media":486994,"comment_status":"closed","ping_status":"closed","sticky":false,"template":"","format":"standard","meta":{"footnotes":""},"categories":[57],"tags":[],"class_list":["post-486993","post","type-post","status-publish","format-standard","has-post-thumbnail","hentry","category-local"],"_links":{"self":[{"href":"https:\/\/diarioavancetabasco.com\/index.php?rest_route=\/wp\/v2\/posts\/486993","targetHints":{"allow":["GET"]}}],"collection":[{"href":"https:\/\/diarioavancetabasco.com\/index.php?rest_route=\/wp\/v2\/posts"}],"about":[{"href":"https:\/\/diarioavancetabasco.com\/index.php?rest_route=\/wp\/v2\/types\/post"}],"author":[{"embeddable":true,"href":"https:\/\/diarioavancetabasco.com\/index.php?rest_route=\/wp\/v2\/users\/2"}],"replies":[{"embeddable":true,"href":"https:\/\/diarioavancetabasco.com\/index.php?rest_route=%2Fwp%2Fv2%2Fcomments&post=486993"}],"version-history":[{"count":1,"href":"https:\/\/diarioavancetabasco.com\/index.php?rest_route=\/wp\/v2\/posts\/486993\/revisions"}],"predecessor-version":[{"id":486996,"href":"https:\/\/diarioavancetabasco.com\/index.php?rest_route=\/wp\/v2\/posts\/486993\/revisions\/486996"}],"wp:featuredmedia":[{"embeddable":true,"href":"https:\/\/diarioavancetabasco.com\/index.php?rest_route=\/wp\/v2\/media\/486994"}],"wp:attachment":[{"href":"https:\/\/diarioavancetabasco.com\/index.php?rest_route=%2Fwp%2Fv2%2Fmedia&parent=486993"}],"wp:term":[{"taxonomy":"category","embeddable":true,"href":"https:\/\/diarioavancetabasco.com\/index.php?rest_route=%2Fwp%2Fv2%2Fcategories&post=486993"},{"taxonomy":"post_tag","embeddable":true,"href":"https:\/\/diarioavancetabasco.com\/index.php?rest_route=%2Fwp%2Fv2%2Ftags&post=486993"}],"curies":[{"name":"wp","href":"https:\/\/api.w.org\/{rel}","templated":true}]}}