{"id":487461,"date":"2025-11-24T13:34:39","date_gmt":"2025-11-24T19:34:39","guid":{"rendered":"https:\/\/diarioavancetabasco.com\/?p=487461"},"modified":"2025-11-24T13:34:39","modified_gmt":"2025-11-24T19:34:39","slug":"fatima-bosch-inicia-con-sus-actividades-como-miss-universo","status":"publish","type":"post","link":"https:\/\/diarioavancetabasco.com\/?p=487461","title":{"rendered":"F\u00e1tima Bosch inicia con sus actividades como Miss Universo"},"content":{"rendered":"\n<p style=\"font-size:22px\">La joven ofreci\u00f3 una conferencia donde habl\u00f3 de sus secretos frente a la c\u00e1mara<\/p>\n\n\n\n<p><strong>Agencia\/Ciudad de M\u00e9xico<\/strong><\/p>\n\n\n\n<p>F\u00e1tima Bosch no ha pronunciado palabra con respecto a la pol\u00e9mica que ha marcado su coronaci\u00f3n como Miss Universo 2025, Mientras el presidente de la organizaci\u00f3n, Ra\u00fal Rocha Cant\u00fa, se ha encargado de desmentir las aseveraciones relacionadas con las presuntas negociaciones previas que lo un\u00edan a la familia de la joven, la tabasque\u00f1a ya comenz\u00f3 con las actividades de su reinado.<\/p>\n\n\n\n<p>A trav\u00e9s de las redes sociales del certamen, se ha compartido una serie de historias en donde F\u00e1tima aparece debutando con Miss Universo.<\/p>\n\n\n\n<p>En ellas, la dise\u00f1adora de modas se encuentra conversando con una modelo con la que presidi\u00f3 una conferencia de prensa -a\u00fan en Tailandia- en la que, ambas, hablaron de algunas recomendaciones de c\u00f3mo explotar su imagen frente a las c\u00e1maras.<\/p>\n\n\n\n<p>Bosch mostr\u00f3 gracia y gran simpat\u00eda, cuando revel\u00f3 que, desde hace muchos a\u00f1os, ten\u00eda bien estudiado el perfil y el \u00e1ngulo con el que suele posar, aunque confes\u00f3 que, en recientes d\u00edas, alguien le sugiri\u00f3 que el lado de su rostro, que m\u00e1s la favorece, es el contrario con el que siempre posa.<\/p>\n","protected":false},"excerpt":{"rendered":"<p>La joven ofreci\u00f3 una conferencia donde habl\u00f3 de sus secretos frente a la c\u00e1mara Agencia\/Ciudad de M\u00e9xico F\u00e1tima Bosch no ha pronunciado palabra con respecto a la pol\u00e9mica que ha marcado su coronaci\u00f3n como Miss Universo 2025, Mientras el presidente de la organizaci\u00f3n, Ra\u00fal Rocha Cant\u00fa, se ha encargado de desmentir las aseveraciones relacionadas con [&hellip;]<\/p>\n","protected":false},"author":2,"featured_media":487462,"comment_status":"closed","ping_status":"closed","sticky":false,"template":"","format":"standard","meta":{"footnotes":""},"categories":[65],"tags":[],"class_list":["post-487461","post","type-post","status-publish","format-standard","has-post-thumbnail","hentry","category-farandula"],"_links":{"self":[{"href":"https:\/\/diarioavancetabasco.com\/index.php?rest_route=\/wp\/v2\/posts\/487461","targetHints":{"allow":["GET"]}}],"collection":[{"href":"https:\/\/diarioavancetabasco.com\/index.php?rest_route=\/wp\/v2\/posts"}],"about":[{"href":"https:\/\/diarioavancetabasco.com\/index.php?rest_route=\/wp\/v2\/types\/post"}],"author":[{"embeddable":true,"href":"https:\/\/diarioavancetabasco.com\/index.php?rest_route=\/wp\/v2\/users\/2"}],"replies":[{"embeddable":true,"href":"https:\/\/diarioavancetabasco.com\/index.php?rest_route=%2Fwp%2Fv2%2Fcomments&post=487461"}],"version-history":[{"count":1,"href":"https:\/\/diarioavancetabasco.com\/index.php?rest_route=\/wp\/v2\/posts\/487461\/revisions"}],"predecessor-version":[{"id":487463,"href":"https:\/\/diarioavancetabasco.com\/index.php?rest_route=\/wp\/v2\/posts\/487461\/revisions\/487463"}],"wp:featuredmedia":[{"embeddable":true,"href":"https:\/\/diarioavancetabasco.com\/index.php?rest_route=\/wp\/v2\/media\/487462"}],"wp:attachment":[{"href":"https:\/\/diarioavancetabasco.com\/index.php?rest_route=%2Fwp%2Fv2%2Fmedia&parent=487461"}],"wp:term":[{"taxonomy":"category","embeddable":true,"href":"https:\/\/diarioavancetabasco.com\/index.php?rest_route=%2Fwp%2Fv2%2Fcategories&post=487461"},{"taxonomy":"post_tag","embeddable":true,"href":"https:\/\/diarioavancetabasco.com\/index.php?rest_route=%2Fwp%2Fv2%2Ftags&post=487461"}],"curies":[{"name":"wp","href":"https:\/\/api.w.org\/{rel}","templated":true}]}}