{"id":487788,"date":"2025-11-28T08:58:36","date_gmt":"2025-11-28T14:58:36","guid":{"rendered":"https:\/\/diarioavancetabasco.com\/?p=487788"},"modified":"2025-11-28T08:58:36","modified_gmt":"2025-11-28T14:58:36","slug":"no-te-vayas-sin-decir-adios-obra-en-que-se-despide-el-actor-juan-ferrara-de-los-escenarios","status":"publish","type":"post","link":"https:\/\/diarioavancetabasco.com\/?p=487788","title":{"rendered":"\u201cNo te vayas, sin decir adi\u00f3s \u201c, obra en que se despide el actor Juan Ferrara de los escenarios"},"content":{"rendered":"\n<p style=\"font-size:22px\">Tras 60 a\u00f1os de carrera art\u00edstica el actor de de telenovelas y obras de teatro se presentar\u00e1n los 29 y 30 de noviembre en la capital tabasque\u00f1a, se vivir\u00e1n las emociones, de conflictos y relaciones de una familia entorno a la celebraci\u00f3n de cumplea\u00f1os del abuelo<\/p>\n\n\n\n<p><strong>EN PANTALLA TABASCO\/AVANCE<\/strong><\/p>\n\n\n\n<p>El elenco de la puesta en escena \u00abNo te vayas sin decir adi\u00f3s\u00bb, ofreci\u00f3 la tarde de ayer jueves conferencia de prensa para confirmar las funciones que ofrecer\u00e1n en la capital tabasque\u00f1a los d\u00edas 29 y 30 de noviembre.<\/p>\n\n\n\n<p>Yulianna Peniche, Juan Manuel Lechuga, Renata Chac\u00f3n, Adri\u00e1n Rubio y Valeria Burgos participan en la obra junto al actor Juan Ferrara que se despide de los escenarios teatrales tras 60 a\u00f1os de carrera.<\/p>\n\n\n\n<p>Todos coincidieron en destacar lo bien escrita y contada que est\u00e1 la historia, por lo que qui\u00e9nes acudan a verla habr\u00e1n de ver buen teatro. Las emociones, conflictos y relaciones de una familia entorno a la celebraci\u00f3n de cumplea\u00f1os del abuelo.<\/p>\n\n\n\n<p>Agradecen la respuesta del p\u00fablico al asistir a las funciones, m\u00e1s a\u00fan hoy en d\u00eda que ya no se hace tanto teatro porque las personas ya no quieren acudir a los recintos teatrales ante los contenidos que ofrecen plataformas de streaming.<\/p>\n\n\n\n<p>El viernes se presentan en Tuxtla y el s\u00e1bado en 2 funciones 6 y 8 pm en Villahermosa en el Teatro de la UJAT. Y domingo 2 funciones 5 y 7 pm en el Teatro de la UJAT.<\/p>\n\n\n\n<figure class=\"wp-block-image size-full is-resized\"><img loading=\"lazy\" decoding=\"async\" width=\"656\" height=\"439\" src=\"http:\/\/diarioavancetabasco.com\/wp-content\/uploads\/2025\/11\/retiro.png\" alt=\"\" class=\"wp-image-487790\" style=\"width:839px;height:auto\" srcset=\"https:\/\/diarioavancetabasco.com\/wp-content\/uploads\/2025\/11\/retiro.png 656w, https:\/\/diarioavancetabasco.com\/wp-content\/uploads\/2025\/11\/retiro-300x201.png 300w\" sizes=\"auto, (max-width: 656px) 100vw, 656px\" \/><figcaption class=\"wp-element-caption\">El actor Juan Ferrara estar\u00e1 con el p\u00fablico tabasque\u00f1o en su despedida. (FOTO: EN PANTALLA).\n<\/figcaption><\/figure>\n","protected":false},"excerpt":{"rendered":"<p>Tras 60 a\u00f1os de carrera art\u00edstica el actor de de telenovelas y obras de teatro se presentar\u00e1n los 29 y 30 de noviembre en la capital tabasque\u00f1a, se vivir\u00e1n las emociones, de conflictos y relaciones de una familia entorno a la celebraci\u00f3n de cumplea\u00f1os del abuelo EN PANTALLA TABASCO\/AVANCE El elenco de la puesta en [&hellip;]<\/p>\n","protected":false},"author":2,"featured_media":487789,"comment_status":"closed","ping_status":"closed","sticky":false,"template":"","format":"standard","meta":{"footnotes":""},"categories":[65],"tags":[],"class_list":["post-487788","post","type-post","status-publish","format-standard","has-post-thumbnail","hentry","category-farandula"],"_links":{"self":[{"href":"https:\/\/diarioavancetabasco.com\/index.php?rest_route=\/wp\/v2\/posts\/487788","targetHints":{"allow":["GET"]}}],"collection":[{"href":"https:\/\/diarioavancetabasco.com\/index.php?rest_route=\/wp\/v2\/posts"}],"about":[{"href":"https:\/\/diarioavancetabasco.com\/index.php?rest_route=\/wp\/v2\/types\/post"}],"author":[{"embeddable":true,"href":"https:\/\/diarioavancetabasco.com\/index.php?rest_route=\/wp\/v2\/users\/2"}],"replies":[{"embeddable":true,"href":"https:\/\/diarioavancetabasco.com\/index.php?rest_route=%2Fwp%2Fv2%2Fcomments&post=487788"}],"version-history":[{"count":1,"href":"https:\/\/diarioavancetabasco.com\/index.php?rest_route=\/wp\/v2\/posts\/487788\/revisions"}],"predecessor-version":[{"id":487791,"href":"https:\/\/diarioavancetabasco.com\/index.php?rest_route=\/wp\/v2\/posts\/487788\/revisions\/487791"}],"wp:featuredmedia":[{"embeddable":true,"href":"https:\/\/diarioavancetabasco.com\/index.php?rest_route=\/wp\/v2\/media\/487789"}],"wp:attachment":[{"href":"https:\/\/diarioavancetabasco.com\/index.php?rest_route=%2Fwp%2Fv2%2Fmedia&parent=487788"}],"wp:term":[{"taxonomy":"category","embeddable":true,"href":"https:\/\/diarioavancetabasco.com\/index.php?rest_route=%2Fwp%2Fv2%2Fcategories&post=487788"},{"taxonomy":"post_tag","embeddable":true,"href":"https:\/\/diarioavancetabasco.com\/index.php?rest_route=%2Fwp%2Fv2%2Ftags&post=487788"}],"curies":[{"name":"wp","href":"https:\/\/api.w.org\/{rel}","templated":true}]}}