{"id":487801,"date":"2025-11-28T10:07:47","date_gmt":"2025-11-28T16:07:47","guid":{"rendered":"https:\/\/diarioavancetabasco.com\/?p=487801"},"modified":"2025-11-28T10:07:47","modified_gmt":"2025-11-28T16:07:47","slug":"muere-conrado-osorio-actor-de-la-fea-mas-bella-tras-lucha-contra-el-cancer-de-colon","status":"publish","type":"post","link":"https:\/\/diarioavancetabasco.com\/?p=487801","title":{"rendered":"Muere Conrado Osorio, actor de \u00abLa fea m\u00e1s bella\u00bb, tras lucha contra el c\u00e1ncer de colon"},"content":{"rendered":"\n<p><strong>Agencia\/Ciudad de M\u00e9xico<\/strong><\/p>\n\n\n\n<p>Conrado Osorio muri\u00f3 a los 49 a\u00f1os tras luchas contra el c\u00e1ncer de color durante casi dos a\u00f1os, el actor colombiano es recordado por su actuaci\u00f3n en varias telenovelas y obras de teatro en M\u00e9xico.<\/p>\n\n\n\n<p>Su hermano, Jhon Jairo Osorio confirm\u00f3 la noticia a trav\u00e9s de un mensaje de despedida en redes sociales, donde record\u00f3 a Conrado con mucho amor.<\/p>\n\n\n\n<p>\u00abTe voy a extra\u00f1ar, pero sobre todo te voy a recordar feliz y te voy a honrar siempre. La vida me premi\u00f3 con un hermano que fue un parcero, un c\u00f3mplice, un amigo, un confidente y un referente. Buen viaje. Me siento orgulloso de ti, de tus pel\u00edculas, de tus terquedades, de tus rega\u00f1os y de tus ense\u00f1anzas. La diste toda. En alg\u00fan momento seguiremos las conversaciones de hospital\u2026 \u00a1Te qued\u00e9 debiendo varios cuentos! Te amo\u00bb hermano\u00bb, se lee.<\/p>\n\n\n\n<p>Osorio particip\u00f3 en la serie \u00abPadres e hijos\u00bb y en varias obras de Silvia Pinal, as\u00ed como en telenovelas de Televisa como \u00abAmarte es mi pecado\u00bb, \u00abDuelo de pasiones\u00bb, \u00abLa fea m\u00e1s bella\u00bb y \u00abEn nombre del amor\u00bb.<\/p>\n\n\n\n<p>En cine particip\u00f3 en filmes como \u00abHombres a la carta\u00bb, \u00abOl\u00edmpica amistad\u00bb, \u00abLa profec\u00eda de los justos\u00bb y \u00abGuardi\u00e1n de las sombras\u00bb.<\/p>\n\n\n\n<p><strong>LA \u00daLTIMA PUBLICACI\u00d3N DE CONRADO OSORIO<\/strong><\/p>\n\n\n\n<p>Conrado Osorio comparti\u00f3 con sus seguidores los detalles de su enfermedad, c\u00f3mo fue su proceso y de qu\u00e9 manera se estaba recuperando; el 26 de octubre poste\u00f3 lo que ser\u00eda su \u00faltima publicaci\u00f3n, la celebraci\u00f3n de su cumplea\u00f1os 49 junto a su familia en el hospital.<\/p>\n\n\n\n<p>El actor, quien siempre se mostr\u00f3 con \u00e1nimos y actitud para salir adelante, se dijo agradecido<\/p>\n\n\n\n<p>\u00abEn este d\u00eda que est\u00e1 terminando solo quiero decir: DIOS GRACIAS por tanto por estos a\u00f1os de vida, por mi familia y amigos por tantas personas regal\u00e1ndome una oraci\u00f3n por mi recuperaci\u00f3n ; se siente bonito y llena el alma. DIOS PADRE que se haga tu voluntad\u00bb, escribi\u00f3.<\/p>\n\n\n\n<p>En dicho material, su familia le cant\u00f3 las Ma\u00f1anitas, le llev\u00f3 un pastel y lo apapacharon mucho; falleci\u00f3 en una cl\u00ednica de Medell\u00edn, luego de que el c\u00e1ncer colorrectal que padec\u00eda hiciera met\u00e1stasis en todo su organismo.<\/p>\n","protected":false},"excerpt":{"rendered":"<p>Agencia\/Ciudad de M\u00e9xico Conrado Osorio muri\u00f3 a los 49 a\u00f1os tras luchas contra el c\u00e1ncer de color durante casi dos a\u00f1os, el actor colombiano es recordado por su actuaci\u00f3n en varias telenovelas y obras de teatro en M\u00e9xico. Su hermano, Jhon Jairo Osorio confirm\u00f3 la noticia a trav\u00e9s de un mensaje de despedida en redes [&hellip;]<\/p>\n","protected":false},"author":2,"featured_media":487802,"comment_status":"closed","ping_status":"closed","sticky":false,"template":"","format":"standard","meta":{"footnotes":""},"categories":[65],"tags":[],"class_list":["post-487801","post","type-post","status-publish","format-standard","has-post-thumbnail","hentry","category-farandula"],"_links":{"self":[{"href":"https:\/\/diarioavancetabasco.com\/index.php?rest_route=\/wp\/v2\/posts\/487801","targetHints":{"allow":["GET"]}}],"collection":[{"href":"https:\/\/diarioavancetabasco.com\/index.php?rest_route=\/wp\/v2\/posts"}],"about":[{"href":"https:\/\/diarioavancetabasco.com\/index.php?rest_route=\/wp\/v2\/types\/post"}],"author":[{"embeddable":true,"href":"https:\/\/diarioavancetabasco.com\/index.php?rest_route=\/wp\/v2\/users\/2"}],"replies":[{"embeddable":true,"href":"https:\/\/diarioavancetabasco.com\/index.php?rest_route=%2Fwp%2Fv2%2Fcomments&post=487801"}],"version-history":[{"count":1,"href":"https:\/\/diarioavancetabasco.com\/index.php?rest_route=\/wp\/v2\/posts\/487801\/revisions"}],"predecessor-version":[{"id":487803,"href":"https:\/\/diarioavancetabasco.com\/index.php?rest_route=\/wp\/v2\/posts\/487801\/revisions\/487803"}],"wp:featuredmedia":[{"embeddable":true,"href":"https:\/\/diarioavancetabasco.com\/index.php?rest_route=\/wp\/v2\/media\/487802"}],"wp:attachment":[{"href":"https:\/\/diarioavancetabasco.com\/index.php?rest_route=%2Fwp%2Fv2%2Fmedia&parent=487801"}],"wp:term":[{"taxonomy":"category","embeddable":true,"href":"https:\/\/diarioavancetabasco.com\/index.php?rest_route=%2Fwp%2Fv2%2Fcategories&post=487801"},{"taxonomy":"post_tag","embeddable":true,"href":"https:\/\/diarioavancetabasco.com\/index.php?rest_route=%2Fwp%2Fv2%2Ftags&post=487801"}],"curies":[{"name":"wp","href":"https:\/\/api.w.org\/{rel}","templated":true}]}}