{"id":487956,"date":"2025-12-01T00:00:00","date_gmt":"2025-12-01T06:00:00","guid":{"rendered":"https:\/\/diarioavancetabasco.com\/?p=487956"},"modified":"2025-11-30T22:33:02","modified_gmt":"2025-12-01T04:33:02","slug":"1-de-diciembre-dia-internacional-de-los-presos-por-la-paz","status":"publish","type":"post","link":"https:\/\/diarioavancetabasco.com\/?p=487956","title":{"rendered":"1 de diciembre, D\u00eda Internacional de los Presos por la Paz"},"content":{"rendered":"\n<p style=\"font-size:20px\"><strong>Por Felipe Hern\u00e1ndez\/Avance<br><\/strong>Cada 1 de diciembre se conmemora el D\u00eda Internacional de los Presos por la Paz, una fecha destinada a reconocer a todas aquellas personas que se encuentran privadas de la libertad por su compromiso con la no violencia y la objeci\u00f3n de conciencia. Esta jornada fue impulsada por organizaciones pacifistas internacionales, entre ellas el International Fellowship of Reconciliation y la War Resisters\u2019 International, con el prop\u00f3sito de visibilizar a quienes han sido encarcelados por negarse a participar en actos b\u00e9licos o apoyar conflictos armados.<br>El origen de esta conmemoraci\u00f3n se relaciona con la necesidad de defender los derechos humanos y la libertad de pensamiento, en especial de quienes, guiados por principios \u00e9ticos o creencias personales, han optado por promover la paz incluso ante la presi\u00f3n gubernamental o militar. A lo largo de los a\u00f1os, este d\u00eda se ha convertido en una oportunidad para denunciar abusos, exigir garant\u00edas legales y difundir historias de resistencia civil alrededor del mundo.<br>El objetivo fundamental es generar conciencia sobre la importancia de la objeci\u00f3n de conciencia como un derecho leg\u00edtimo, reconocido por instancias internacionales como la ONU. Adem\u00e1s, busca recordar que la defensa de la paz no deber\u00eda ser motivo de persecuci\u00f3n, sino un valor que fortalece la convivencia social y el respeto entre naciones.<br>El 1 de diciembre se convierte as\u00ed en una fecha para alzar la voz, escribir cartas de solidaridad, apoyar campa\u00f1as internacionales y recordar que la paz se sostiene con acciones firmes. Reconocer a los presos por la paz es tambi\u00e9n un llamado a no olvidar que la lucha por un mundo sin violencia contin\u00faa.<\/p>\n","protected":false},"excerpt":{"rendered":"<p>Por Felipe Hern\u00e1ndez\/AvanceCada 1 de diciembre se conmemora el D\u00eda Internacional de los Presos por la Paz, una fecha destinada a reconocer a todas aquellas personas que se encuentran privadas de la libertad por su compromiso con la no violencia y la objeci\u00f3n de conciencia. Esta jornada fue impulsada por organizaciones pacifistas internacionales, entre ellas [&hellip;]<\/p>\n","protected":false},"author":2,"featured_media":487957,"comment_status":"closed","ping_status":"closed","sticky":false,"template":"","format":"standard","meta":{"footnotes":""},"categories":[17],"tags":[],"class_list":["post-487956","post","type-post","status-publish","format-standard","has-post-thumbnail","hentry","category-de-interes"],"_links":{"self":[{"href":"https:\/\/diarioavancetabasco.com\/index.php?rest_route=\/wp\/v2\/posts\/487956","targetHints":{"allow":["GET"]}}],"collection":[{"href":"https:\/\/diarioavancetabasco.com\/index.php?rest_route=\/wp\/v2\/posts"}],"about":[{"href":"https:\/\/diarioavancetabasco.com\/index.php?rest_route=\/wp\/v2\/types\/post"}],"author":[{"embeddable":true,"href":"https:\/\/diarioavancetabasco.com\/index.php?rest_route=\/wp\/v2\/users\/2"}],"replies":[{"embeddable":true,"href":"https:\/\/diarioavancetabasco.com\/index.php?rest_route=%2Fwp%2Fv2%2Fcomments&post=487956"}],"version-history":[{"count":1,"href":"https:\/\/diarioavancetabasco.com\/index.php?rest_route=\/wp\/v2\/posts\/487956\/revisions"}],"predecessor-version":[{"id":487958,"href":"https:\/\/diarioavancetabasco.com\/index.php?rest_route=\/wp\/v2\/posts\/487956\/revisions\/487958"}],"wp:featuredmedia":[{"embeddable":true,"href":"https:\/\/diarioavancetabasco.com\/index.php?rest_route=\/wp\/v2\/media\/487957"}],"wp:attachment":[{"href":"https:\/\/diarioavancetabasco.com\/index.php?rest_route=%2Fwp%2Fv2%2Fmedia&parent=487956"}],"wp:term":[{"taxonomy":"category","embeddable":true,"href":"https:\/\/diarioavancetabasco.com\/index.php?rest_route=%2Fwp%2Fv2%2Fcategories&post=487956"},{"taxonomy":"post_tag","embeddable":true,"href":"https:\/\/diarioavancetabasco.com\/index.php?rest_route=%2Fwp%2Fv2%2Ftags&post=487956"}],"curies":[{"name":"wp","href":"https:\/\/api.w.org\/{rel}","templated":true}]}}