{"id":487959,"date":"2025-12-01T00:00:00","date_gmt":"2025-12-01T06:00:00","guid":{"rendered":"https:\/\/diarioavancetabasco.com\/?p=487959"},"modified":"2025-11-30T22:30:48","modified_gmt":"2025-12-01T04:30:48","slug":"dia-mundial-de-la-lucha-contra-el-sida-el-dia-sin-arte-y-tabasco","status":"publish","type":"post","link":"https:\/\/diarioavancetabasco.com\/?p=487959","title":{"rendered":"D\u00eda Mundial de la Lucha Contra el Sida, el D\u00eda Sin Arte, \u00bfY Tabasco?"},"content":{"rendered":"\n<p style=\"font-size:20px\"><strong>Por Felipe Hern\u00e1ndez\/Avance<br><\/strong>Cada 1 de diciembre el mundo se une para recordar, reflexionar y actuar frente a una de las pandemias m\u00e1s desafiantes de nuestra era: el VIH\/Sida. Esta fecha, conocida como el D\u00eda Mundial de la Lucha contra el Sida, fue establecida en 1988 por la Organizaci\u00f3n Mundial de la Salud (OMS) y posteriormente respaldada por la ONU, con el prop\u00f3sito de visibilizar la enfermedad, combatir la discriminaci\u00f3n y promover la prevenci\u00f3n.<br>En 1989, el sector cultural se sum\u00f3 a esta lucha con la creaci\u00f3n del D\u00eda Sin Arte, tambi\u00e9n un 1 de diciembre. Impulsado por la organizaci\u00f3n Visual AIDS, este movimiento busc\u00f3 visibilizar el impacto del VIH en la comunidad art\u00edstica. M\u00e1s de 800 museos y galer\u00edas en Estados Unidos cubrieron obras, bajaron luces y organizaron memoriales para honrar a artistas fallecidos y educar al p\u00fablico. Con el tiempo, esta iniciativa creci\u00f3 a escala internacional, recordando que el arte tambi\u00e9n puede ser una herramienta para informar y generar empat\u00eda.<br>A pesar del progreso, la pandemia sigue siendo una realidad contundente, y Tabasco es un ejemplo de ello. En nuestro estado, el impacto contin\u00faa siendo significativo: 6 mil 428 casos de VIH se han acumulado entre 2014 y 2025, lo que representa el 3.5% del total nacional, siendo mayor\u00eda de este porcentaje los hombres.<br>Este d\u00eda tambi\u00e9n invita a mirar hacia el futuro con responsabilidad. El acceso universal a pruebas r\u00e1pidas, el uso adecuado de preservativos, la disponibilidad de tratamientos antirretrovirales y la difusi\u00f3n de informaci\u00f3n ver\u00eddica siguen siendo pilares esenciales para frenar nuevos contagios<br>El 1 de diciembre no solo marca una fecha en el calendario; es un recordatorio de que el compromiso con la salud, la dignidad y la vida debe renovarse constantemente. La lucha contin\u00faa, y cada acci\u00f3n informada es importante.<\/p>\n","protected":false},"excerpt":{"rendered":"<p>Por Felipe Hern\u00e1ndez\/AvanceCada 1 de diciembre el mundo se une para recordar, reflexionar y actuar frente a una de las pandemias m\u00e1s desafiantes de nuestra era: el VIH\/Sida. Esta fecha, conocida como el D\u00eda Mundial de la Lucha contra el Sida, fue establecida en 1988 por la Organizaci\u00f3n Mundial de la Salud (OMS) y posteriormente [&hellip;]<\/p>\n","protected":false},"author":2,"featured_media":487960,"comment_status":"closed","ping_status":"closed","sticky":false,"template":"","format":"standard","meta":{"footnotes":""},"categories":[48],"tags":[],"class_list":["post-487959","post","type-post","status-publish","format-standard","has-post-thumbnail","hentry","category-cultura"],"_links":{"self":[{"href":"https:\/\/diarioavancetabasco.com\/index.php?rest_route=\/wp\/v2\/posts\/487959","targetHints":{"allow":["GET"]}}],"collection":[{"href":"https:\/\/diarioavancetabasco.com\/index.php?rest_route=\/wp\/v2\/posts"}],"about":[{"href":"https:\/\/diarioavancetabasco.com\/index.php?rest_route=\/wp\/v2\/types\/post"}],"author":[{"embeddable":true,"href":"https:\/\/diarioavancetabasco.com\/index.php?rest_route=\/wp\/v2\/users\/2"}],"replies":[{"embeddable":true,"href":"https:\/\/diarioavancetabasco.com\/index.php?rest_route=%2Fwp%2Fv2%2Fcomments&post=487959"}],"version-history":[{"count":1,"href":"https:\/\/diarioavancetabasco.com\/index.php?rest_route=\/wp\/v2\/posts\/487959\/revisions"}],"predecessor-version":[{"id":487961,"href":"https:\/\/diarioavancetabasco.com\/index.php?rest_route=\/wp\/v2\/posts\/487959\/revisions\/487961"}],"wp:featuredmedia":[{"embeddable":true,"href":"https:\/\/diarioavancetabasco.com\/index.php?rest_route=\/wp\/v2\/media\/487960"}],"wp:attachment":[{"href":"https:\/\/diarioavancetabasco.com\/index.php?rest_route=%2Fwp%2Fv2%2Fmedia&parent=487959"}],"wp:term":[{"taxonomy":"category","embeddable":true,"href":"https:\/\/diarioavancetabasco.com\/index.php?rest_route=%2Fwp%2Fv2%2Fcategories&post=487959"},{"taxonomy":"post_tag","embeddable":true,"href":"https:\/\/diarioavancetabasco.com\/index.php?rest_route=%2Fwp%2Fv2%2Ftags&post=487959"}],"curies":[{"name":"wp","href":"https:\/\/api.w.org\/{rel}","templated":true}]}}