{"id":487983,"date":"2025-12-01T00:00:00","date_gmt":"2025-12-01T06:00:00","guid":{"rendered":"https:\/\/diarioavancetabasco.com\/?p=487983"},"modified":"2025-11-30T22:59:50","modified_gmt":"2025-12-01T04:59:50","slug":"tabasco-con-mayor-tasa-de-desempleo-en-el-pais-preocupante-denis-ochoa","status":"publish","type":"post","link":"https:\/\/diarioavancetabasco.com\/?p=487983","title":{"rendered":"Tabasco con mayor tasa de desempleo en el pa\u00eds, preocupante: Denis Ochoa"},"content":{"rendered":"\n<p style=\"font-size:20px\"><strong>Abisac M\u00e1rquez\/Avance<\/strong><\/p>\n\n\n\n<p>Tras la reciente actualizaci\u00f3n del INEGI que mantiene a Tabasco, por tercer trimestre consecutivo, como el estado con mayor tasa de desempleo en el pa\u00eds, la Di\u00f3cesis de Tabasco lanz\u00f3 un llamado a atender de fondo esta problem\u00e1tica que, afirmaron, afecta directamente la estabilidad de las familias.<\/p>\n\n\n\n<p>El vocero diocesano, Denis Ochoa Vidal, remarc\u00f3 que la falta de oportunidades laborales no solo compromete la econom\u00eda de los hogares, sino que tambi\u00e9n deteriora el \u00e1nimo y la convivencia social.<\/p>\n\n\n\n<p>\u201cEl empleo es fundamental para toda persona. Influye en la familia, en el estado de \u00e1nimo y en la armon\u00eda del matrimonio. Ojal\u00e1 podamos ir mejorando estos \u00edndices y garantizar empleo para todos\u201d.<\/p>\n\n\n\n<p>Ochoa Vidal inst\u00f3 a que autoridades y sociedad no normalicen la cifra y, por el contrario, trabajen en conjunto para revertirla cuanto antes.<\/p>\n\n\n\n<p>MALESTAR POR OBRAS EN AVENIDA UNIVERSIDAD<\/p>\n\n\n\n<p>En otro tema, el portavoz de la Iglesia cat\u00f3lica se refiri\u00f3 a las inconformidades ciudadanas por las obras de adecuaci\u00f3n vial realizadas por la SOTOP en avenida Universidad, donde la instalaci\u00f3n de una rampa ha generado fuertes congestionamientos por su tama\u00f1o.<\/p>\n\n\n\n<p>\u201cOjal\u00e1 que las voces del pueblo sean escuchadas. Es importante explicar los beneficios de una obra, pero tambi\u00e9n atender las preocupaciones ciudadanas para tomar las mejores decisiones\u201d.<\/p>\n","protected":false},"excerpt":{"rendered":"<p>Abisac M\u00e1rquez\/Avance Tras la reciente actualizaci\u00f3n del INEGI que mantiene a Tabasco, por tercer trimestre consecutivo, como el estado con mayor tasa de desempleo en el pa\u00eds, la Di\u00f3cesis de Tabasco lanz\u00f3 un llamado a atender de fondo esta problem\u00e1tica que, afirmaron, afecta directamente la estabilidad de las familias. El vocero diocesano, Denis Ochoa Vidal, [&hellip;]<\/p>\n","protected":false},"author":2,"featured_media":487984,"comment_status":"closed","ping_status":"closed","sticky":false,"template":"","format":"standard","meta":{"footnotes":""},"categories":[9],"tags":[],"class_list":["post-487983","post","type-post","status-publish","format-standard","has-post-thumbnail","hentry","category-politica"],"_links":{"self":[{"href":"https:\/\/diarioavancetabasco.com\/index.php?rest_route=\/wp\/v2\/posts\/487983","targetHints":{"allow":["GET"]}}],"collection":[{"href":"https:\/\/diarioavancetabasco.com\/index.php?rest_route=\/wp\/v2\/posts"}],"about":[{"href":"https:\/\/diarioavancetabasco.com\/index.php?rest_route=\/wp\/v2\/types\/post"}],"author":[{"embeddable":true,"href":"https:\/\/diarioavancetabasco.com\/index.php?rest_route=\/wp\/v2\/users\/2"}],"replies":[{"embeddable":true,"href":"https:\/\/diarioavancetabasco.com\/index.php?rest_route=%2Fwp%2Fv2%2Fcomments&post=487983"}],"version-history":[{"count":1,"href":"https:\/\/diarioavancetabasco.com\/index.php?rest_route=\/wp\/v2\/posts\/487983\/revisions"}],"predecessor-version":[{"id":487985,"href":"https:\/\/diarioavancetabasco.com\/index.php?rest_route=\/wp\/v2\/posts\/487983\/revisions\/487985"}],"wp:featuredmedia":[{"embeddable":true,"href":"https:\/\/diarioavancetabasco.com\/index.php?rest_route=\/wp\/v2\/media\/487984"}],"wp:attachment":[{"href":"https:\/\/diarioavancetabasco.com\/index.php?rest_route=%2Fwp%2Fv2%2Fmedia&parent=487983"}],"wp:term":[{"taxonomy":"category","embeddable":true,"href":"https:\/\/diarioavancetabasco.com\/index.php?rest_route=%2Fwp%2Fv2%2Fcategories&post=487983"},{"taxonomy":"post_tag","embeddable":true,"href":"https:\/\/diarioavancetabasco.com\/index.php?rest_route=%2Fwp%2Fv2%2Ftags&post=487983"}],"curies":[{"name":"wp","href":"https:\/\/api.w.org\/{rel}","templated":true}]}}