{"id":488020,"date":"2025-12-01T12:51:52","date_gmt":"2025-12-01T18:51:52","guid":{"rendered":"https:\/\/diarioavancetabasco.com\/?p=488020"},"modified":"2025-12-01T12:51:52","modified_gmt":"2025-12-01T18:51:52","slug":"el-significado-de-cada-color-de-la-corona-de-adviento-2025","status":"publish","type":"post","link":"https:\/\/diarioavancetabasco.com\/?p=488020","title":{"rendered":"El significado de cada color de la Corona de Adviento 2025"},"content":{"rendered":"\n<p style=\"font-size:22px\">Para millones de personas, su presencia anuncia el inicio de las fechas navide\u00f1as, cuatro domingos se dedica a una virtud cristiana muy espec\u00edfica: la esperanza, la paz, el gozo y finalmente, el amor<\/p>\n\n\n\n<p><strong>Agencia\/Ciudad de M\u00e9xico<\/strong><\/p>\n\n\n\n<p>La Corona de Adviento es uno de los s\u00edmbolos m\u00e1s caracter\u00edsticos y especiales en las tradiciones cat\u00f3licas y cristianas para millones de personas, su presencia anuncia el inicio de las fechas navide\u00f1as.<\/p>\n\n\n\n<p>De acuerdo con National Geographic, el adviento marca el inicio del a\u00f1o lit\u00fargico y se celebra durante las cuatro semanas antes del 25 de noviembre, cada uno de esos cuatro domingos se dedica a una virtud cristiana muy espec\u00edfica: la esperanza, la paz, el gozo y finalmente, el amor.<\/p>\n\n\n\n<p><strong>EL PR\u00d3XIMO DOMINGO SE ENCIENDE LA SEGUNDA VELA<\/strong><\/p>\n\n\n\n<p>La primera vela se encendi\u00f3 el pasado 30 de noviembre, representa la esperanza y sirve como reflejo de la salvaci\u00f3n que traer\u00e1 el nacimiento de Cristo, esta vela es morada.<\/p>\n\n\n\n<p>La segunda vela ser\u00e1 de nuevo de color morado, y continuar\u00e1 el tono de reflexi\u00f3n, s\u00f3lo que ahora haciendo \u00e9nfasis en la paz, se debe de encender el 7 de diciembre y sirve como tiempo para reconciliarte personalmente, buscando la armon\u00eda con dios y los dem\u00e1s.<\/p>\n\n\n\n<p>Las siguientes dos velas se encienden el 14 y 21 de diciembre, una de color rosa y la otra morada, una invita a experimentar la alegr\u00eda de saber que Cristo est\u00e1 pronto a nacer y la otra el amor que Dios tiene hacia la humanidad.<\/p>\n\n\n\n<p>De acuerdo con National Geographic, la tradici\u00f3n se populariz\u00f3 con el pastor luterano alem\u00e1n Johann Wichern en el siglo XIX, quien utilizaba una corona de velas para ense\u00f1arle a los ni\u00f1os el significado del adviento, desde ese momento, la corona es un s\u00edmbolo de paz en medio del fr\u00edo invierno.<\/p>\n\n\n\n<p>Tres velas son moradas (s\u00edmbolos de penitencia y preparaci\u00f3n), y una de color rosa (s\u00edmbolo de alegr\u00eda del tercer domingo, tambi\u00e9n conocido como \u201cGaudete\u201d, que significa \u2018alegraos\u2019 en lat\u00edn por la llegada del nacimiento de Jes\u00fas).<\/p>\n","protected":false},"excerpt":{"rendered":"<p>Para millones de personas, su presencia anuncia el inicio de las fechas navide\u00f1as, cuatro domingos se dedica a una virtud cristiana muy espec\u00edfica: la esperanza, la paz, el gozo y finalmente, el amor Agencia\/Ciudad de M\u00e9xico La Corona de Adviento es uno de los s\u00edmbolos m\u00e1s caracter\u00edsticos y especiales en las tradiciones cat\u00f3licas y cristianas [&hellip;]<\/p>\n","protected":false},"author":2,"featured_media":488021,"comment_status":"closed","ping_status":"closed","sticky":false,"template":"","format":"standard","meta":{"footnotes":""},"categories":[17],"tags":[],"class_list":["post-488020","post","type-post","status-publish","format-standard","has-post-thumbnail","hentry","category-de-interes"],"_links":{"self":[{"href":"https:\/\/diarioavancetabasco.com\/index.php?rest_route=\/wp\/v2\/posts\/488020","targetHints":{"allow":["GET"]}}],"collection":[{"href":"https:\/\/diarioavancetabasco.com\/index.php?rest_route=\/wp\/v2\/posts"}],"about":[{"href":"https:\/\/diarioavancetabasco.com\/index.php?rest_route=\/wp\/v2\/types\/post"}],"author":[{"embeddable":true,"href":"https:\/\/diarioavancetabasco.com\/index.php?rest_route=\/wp\/v2\/users\/2"}],"replies":[{"embeddable":true,"href":"https:\/\/diarioavancetabasco.com\/index.php?rest_route=%2Fwp%2Fv2%2Fcomments&post=488020"}],"version-history":[{"count":1,"href":"https:\/\/diarioavancetabasco.com\/index.php?rest_route=\/wp\/v2\/posts\/488020\/revisions"}],"predecessor-version":[{"id":488022,"href":"https:\/\/diarioavancetabasco.com\/index.php?rest_route=\/wp\/v2\/posts\/488020\/revisions\/488022"}],"wp:featuredmedia":[{"embeddable":true,"href":"https:\/\/diarioavancetabasco.com\/index.php?rest_route=\/wp\/v2\/media\/488021"}],"wp:attachment":[{"href":"https:\/\/diarioavancetabasco.com\/index.php?rest_route=%2Fwp%2Fv2%2Fmedia&parent=488020"}],"wp:term":[{"taxonomy":"category","embeddable":true,"href":"https:\/\/diarioavancetabasco.com\/index.php?rest_route=%2Fwp%2Fv2%2Fcategories&post=488020"},{"taxonomy":"post_tag","embeddable":true,"href":"https:\/\/diarioavancetabasco.com\/index.php?rest_route=%2Fwp%2Fv2%2Ftags&post=488020"}],"curies":[{"name":"wp","href":"https:\/\/api.w.org\/{rel}","templated":true}]}}