{"id":488061,"date":"2025-12-02T00:00:00","date_gmt":"2025-12-02T06:00:00","guid":{"rendered":"https:\/\/diarioavancetabasco.com\/?p=488061"},"modified":"2025-12-01T20:56:52","modified_gmt":"2025-12-02T02:56:52","slug":"jose-maria-pino-suarez-vicepresidente-de-mexico-y-figura-clave-del-periodo-maderista","status":"publish","type":"post","link":"https:\/\/diarioavancetabasco.com\/?p=488061","title":{"rendered":"Jos\u00e9 Mar\u00eda Pino Su\u00e1rez, vice\u00adpresidente de M\u00e9xico y figura clave del periodo maderista"},"content":{"rendered":"\n<p style=\"font-size:20px\"><strong>Por David Morales\/Avance<br><\/strong>Jos\u00e9 Mar\u00eda Pino Su\u00e1rez (1869\u20131913) fue un intelectual, abogado, periodista y pol\u00edtico tabasque\u00f1o que ocup\u00f3 la Vicepresidencia de M\u00e9xico durante el gobierno de Francisco I. Madero. Su trayectoria est\u00e1 ampliamente documentada en los estudios del Archivo General de la Naci\u00f3n, en el Diccionario Porr\u00faa de Historia, Biograf\u00eda y Geograf\u00eda de M\u00e9xico y en investigaciones del historiador tabasque\u00f1o Geney Torruco Saravia, quien destaca su aporte al pensamiento liberal del sureste.<br>Nacido en el municipio de Tenosique, Tabasco Pino Su\u00e1rez Fue educado en el Colegio de San Ildefonso en M\u00e9rida y obtuvo la Licenciatura en Derecho por la Escuela de Jurisprudencia del Instituto Literario de Yucat\u00e1n en 1894. Fund\u00f3 el peri\u00f3dico El Peninsular en Yucat\u00e1n, desde donde denunci\u00f3 abusos pol\u00edticos del r\u00e9gimen porfirista; esta etapa period\u00edstica est\u00e1 recogida en cr\u00f3nicas de la hemeroteca del estado de Yucat\u00e1n y en estudios regionales.<br>Su entrada a la vida pol\u00edtica nacional ocurri\u00f3 al sumarse al movimiento antirreeleccionista. Tras el triunfo de la Revoluci\u00f3n Maderista, fue nombrado secretario de Instrucci\u00f3n P\u00fablica y Bellas Artes y posteriormente electo vicepresidente en 1911. Durante su gesti\u00f3n impuls\u00f3 reformas educativas y promovi\u00f3 la conciliaci\u00f3n pol\u00edtica en un pa\u00eds todav\u00eda inestable, seg\u00fan destacan los an\u00e1lisis del Instituto Nacional de Estudios Hist\u00f3ricos de las Revoluciones de M\u00e9xico (INEHRM).El episodio m\u00e1s conocido de su vida es su asesinato. Durante el golpe de Estado encabezado por Victoriano Huerta en febrero de 1913, Madero y Pino Su\u00e1rez fueron obligados a renunciar y posteriormente ejecutados en lo que la historiograf\u00eda denomina La Decena Tr\u00e1gica. El propio INEHRM y el historiador Friedrch Katz ubican su muerte como un punto de quiebre en la Revoluci\u00f3n Mexicana, debido al regreso de una estructura militar autoritaria y al desencadenamiento de nuevas rebeliones.<br>En Tabasco, su figura ha sido honrada en monumentos, escuelas y una de las avenidas principales de Villahermosa. El libro Villahermosa: nuestra ciudad, de Geney Torruco, describe c\u00f3mo la memoria urbana local conserva su nombre como s\u00edmbolo del pensamiento liberal del estado y del papel que los tabasque\u00f1os desempe\u00f1aron en los inicios de la Revoluci\u00f3n Mexicana.<\/p>\n","protected":false},"excerpt":{"rendered":"<p>Por David Morales\/AvanceJos\u00e9 Mar\u00eda Pino Su\u00e1rez (1869\u20131913) fue un intelectual, abogado, periodista y pol\u00edtico tabasque\u00f1o que ocup\u00f3 la Vicepresidencia de M\u00e9xico durante el gobierno de Francisco I. Madero. Su trayectoria est\u00e1 ampliamente documentada en los estudios del Archivo General de la Naci\u00f3n, en el Diccionario Porr\u00faa de Historia, Biograf\u00eda y Geograf\u00eda de M\u00e9xico y en [&hellip;]<\/p>\n","protected":false},"author":2,"featured_media":488062,"comment_status":"closed","ping_status":"closed","sticky":false,"template":"","format":"standard","meta":{"footnotes":""},"categories":[48],"tags":[],"class_list":["post-488061","post","type-post","status-publish","format-standard","has-post-thumbnail","hentry","category-cultura"],"_links":{"self":[{"href":"https:\/\/diarioavancetabasco.com\/index.php?rest_route=\/wp\/v2\/posts\/488061","targetHints":{"allow":["GET"]}}],"collection":[{"href":"https:\/\/diarioavancetabasco.com\/index.php?rest_route=\/wp\/v2\/posts"}],"about":[{"href":"https:\/\/diarioavancetabasco.com\/index.php?rest_route=\/wp\/v2\/types\/post"}],"author":[{"embeddable":true,"href":"https:\/\/diarioavancetabasco.com\/index.php?rest_route=\/wp\/v2\/users\/2"}],"replies":[{"embeddable":true,"href":"https:\/\/diarioavancetabasco.com\/index.php?rest_route=%2Fwp%2Fv2%2Fcomments&post=488061"}],"version-history":[{"count":1,"href":"https:\/\/diarioavancetabasco.com\/index.php?rest_route=\/wp\/v2\/posts\/488061\/revisions"}],"predecessor-version":[{"id":488063,"href":"https:\/\/diarioavancetabasco.com\/index.php?rest_route=\/wp\/v2\/posts\/488061\/revisions\/488063"}],"wp:featuredmedia":[{"embeddable":true,"href":"https:\/\/diarioavancetabasco.com\/index.php?rest_route=\/wp\/v2\/media\/488062"}],"wp:attachment":[{"href":"https:\/\/diarioavancetabasco.com\/index.php?rest_route=%2Fwp%2Fv2%2Fmedia&parent=488061"}],"wp:term":[{"taxonomy":"category","embeddable":true,"href":"https:\/\/diarioavancetabasco.com\/index.php?rest_route=%2Fwp%2Fv2%2Fcategories&post=488061"},{"taxonomy":"post_tag","embeddable":true,"href":"https:\/\/diarioavancetabasco.com\/index.php?rest_route=%2Fwp%2Fv2%2Ftags&post=488061"}],"curies":[{"name":"wp","href":"https:\/\/api.w.org\/{rel}","templated":true}]}}