{"id":488085,"date":"2025-12-02T10:00:25","date_gmt":"2025-12-02T16:00:25","guid":{"rendered":"https:\/\/diarioavancetabasco.com\/?p=488085"},"modified":"2025-12-02T10:00:25","modified_gmt":"2025-12-02T16:00:25","slug":"dia-mundial-de-la-alfabetizacion-informatica","status":"publish","type":"post","link":"https:\/\/diarioavancetabasco.com\/?p=488085","title":{"rendered":"D\u00eda Mundial de la Alfabetizaci\u00f3n Inform\u00e1tica"},"content":{"rendered":"\n<p><strong>La fecha, difundida por plataformas de formaci\u00f3n digital y espacios acad\u00e9micos, subraya que la capacidad para comprender y manejar herramientas inform\u00e1ticas se ha convertido en un componente esencial de la participaci\u00f3n social contempor\u00e1nea<\/strong><\/p>\n\n\n\n<p><strong>David Morales\/Avance<\/strong><\/p>\n\n\n\n<p>El dos de diciembre figura en calendarios educativos y tecnol\u00f3gicos como el D\u00eda Mundial de la Alfabetizaci\u00f3n Inform\u00e1tica, una jornada utilizada para destacar la importancia del acceso a la tecnolog\u00eda y de las habilidades digitales en un entorno donde casi todas las actividades dependen de la conectividad. La fecha, difundida por plataformas de formaci\u00f3n digital y espacios acad\u00e9micos, subraya que la capacidad para comprender y manejar herramientas inform\u00e1ticas se ha convertido en un componente esencial de la participaci\u00f3n social contempor\u00e1nea.<\/p>\n\n\n\n<p>Investigaciones universitarias sobre alfabetizaci\u00f3n digital advierten que el reto no se limita a aprender a usar computadoras o dispositivos m\u00f3viles. Implica comprender c\u00f3mo se produce, circula y eval\u00faa la informaci\u00f3n, identificar riesgos en l\u00ednea, manejar plataformas complejas y desarrollar pensamiento cr\u00edtico frente a los contenidos que se consumen y comparten. Estos estudios se\u00f1alan que la brecha digital persiste en pa\u00edses latinoamericanos, donde la infraestructura, el acceso desigual y la falta de capacitaci\u00f3n restringen oportunidades educativas y laborales.<\/p>\n\n\n\n<p>En M\u00e9xico, instituciones dedicadas al desarrollo tecnol\u00f3gico han destacado que la alfabetizaci\u00f3n inform\u00e1tica es un requisito para la integraci\u00f3n plena al mercado laboral, para el acceso a servicios p\u00fablicos y para el ejercicio de derechos digitales. La formaci\u00f3n en competencias inform\u00e1ticas se ha vuelto clave en proyectos educativos orientados a reducir desigualdades, mejorar la seguridad digital y fortalecer la capacidad de docentes y estudiantes frente a entornos cada vez m\u00e1s automatizados.<\/p>\n\n\n\n<p>El dos de diciembre recuerda que la tecnolog\u00eda no es solamente un recurso, sino un lenguaje que define c\u00f3mo se aprende, se trabaja y se participa en la vida p\u00fablica. La conmemoraci\u00f3n invita a reflexionar sobre la necesidad de ampliar la alfabetizaci\u00f3n inform\u00e1tica como estrategia para cerrar brechas y garantizar que el avance digital beneficie a m\u00e1s personas, especialmente en regiones con menor acceso a infraestructura o capacitaci\u00f3n.<\/p>\n","protected":false},"excerpt":{"rendered":"<p>La fecha, difundida por plataformas de formaci\u00f3n digital y espacios acad\u00e9micos, subraya que la capacidad para comprender y manejar herramientas inform\u00e1ticas se ha convertido en un componente esencial de la participaci\u00f3n social contempor\u00e1nea David Morales\/Avance El dos de diciembre figura en calendarios educativos y tecnol\u00f3gicos como el D\u00eda Mundial de la Alfabetizaci\u00f3n Inform\u00e1tica, una jornada [&hellip;]<\/p>\n","protected":false},"author":2,"featured_media":488086,"comment_status":"closed","ping_status":"closed","sticky":false,"template":"","format":"standard","meta":{"footnotes":""},"categories":[17],"tags":[],"class_list":["post-488085","post","type-post","status-publish","format-standard","has-post-thumbnail","hentry","category-de-interes"],"_links":{"self":[{"href":"https:\/\/diarioavancetabasco.com\/index.php?rest_route=\/wp\/v2\/posts\/488085","targetHints":{"allow":["GET"]}}],"collection":[{"href":"https:\/\/diarioavancetabasco.com\/index.php?rest_route=\/wp\/v2\/posts"}],"about":[{"href":"https:\/\/diarioavancetabasco.com\/index.php?rest_route=\/wp\/v2\/types\/post"}],"author":[{"embeddable":true,"href":"https:\/\/diarioavancetabasco.com\/index.php?rest_route=\/wp\/v2\/users\/2"}],"replies":[{"embeddable":true,"href":"https:\/\/diarioavancetabasco.com\/index.php?rest_route=%2Fwp%2Fv2%2Fcomments&post=488085"}],"version-history":[{"count":1,"href":"https:\/\/diarioavancetabasco.com\/index.php?rest_route=\/wp\/v2\/posts\/488085\/revisions"}],"predecessor-version":[{"id":488087,"href":"https:\/\/diarioavancetabasco.com\/index.php?rest_route=\/wp\/v2\/posts\/488085\/revisions\/488087"}],"wp:featuredmedia":[{"embeddable":true,"href":"https:\/\/diarioavancetabasco.com\/index.php?rest_route=\/wp\/v2\/media\/488086"}],"wp:attachment":[{"href":"https:\/\/diarioavancetabasco.com\/index.php?rest_route=%2Fwp%2Fv2%2Fmedia&parent=488085"}],"wp:term":[{"taxonomy":"category","embeddable":true,"href":"https:\/\/diarioavancetabasco.com\/index.php?rest_route=%2Fwp%2Fv2%2Fcategories&post=488085"},{"taxonomy":"post_tag","embeddable":true,"href":"https:\/\/diarioavancetabasco.com\/index.php?rest_route=%2Fwp%2Fv2%2Ftags&post=488085"}],"curies":[{"name":"wp","href":"https:\/\/api.w.org\/{rel}","templated":true}]}}