{"id":488088,"date":"2025-12-02T10:10:37","date_gmt":"2025-12-02T16:10:37","guid":{"rendered":"https:\/\/diarioavancetabasco.com\/?p=488088"},"modified":"2025-12-02T10:10:37","modified_gmt":"2025-12-02T16:10:37","slug":"farmacias-del-bienestar-inician-en-el-edomex-con-500-modulos-sheinbaum","status":"publish","type":"post","link":"https:\/\/diarioavancetabasco.com\/?p=488088","title":{"rendered":"Farmacias del Bienestar; inician en el Edomex con 500 modulos: Sheinbaum"},"content":{"rendered":"\n<p style=\"font-size:22px\">\u00abLa primera etapa comienza hoy en el Estado de M\u00e9xico con 500 farmacias en operaci\u00f3n. En los primeros meses de 2026 el despliegue continuar\u00e1 en todo el pa\u00eds hasta cubrir las 32 entidades federativas\u00bb<\/p>\n\n\n\n<p><strong>Agencia\/Ciudad de M\u00e9xico<\/strong><\/p>\n\n\n\n<p>La presidenta Claudia Sheinbaum Pardo anunci\u00f3 el arranque de las Farmacias del Bienestar, en las cuales beneficiarios del programa Salud Casa por Casa podr\u00e1n recoger los medicamentos que les sean recetados completamente gratuitos.<\/p>\n\n\n\n<p>En conferencia de prensa matutina, la jefa del Ejecutivo federal detall\u00f3 que los peque\u00f1os m\u00f3dulos de las Farmacias del Bienestar estar\u00e1n en centros de salud p\u00fablica y en las Tiendas del Bienestar.<\/p>\n\n\n\n<p>La Mandataria federal destac\u00f3 que hoy inicia este programa en el Estado de M\u00e9xico con 500 farmacias, y se prev\u00e9 que para marzo del pr\u00f3ximo a\u00f1o ya haya Farmacias del Bienestar en todos los estados del pa\u00eds.<\/p>\n\n\n\n<p>\u00abPara que no tengan que entrar al centro de salud, a hacer la fila que normalmente hay para las farmacias, entonces va a ver afuera de los centros de salud y la pr\u00f3xima semana inicia en las Tiendas del Bienestar un m\u00f3dulo como estos donde van a poder recoger sus medicamentos. Este peque\u00f1o m\u00f3dulo es lo que llamamos Farmacias del Bienestar.<\/p>\n\n\n\n<p>\u00abIniciamos hoy en el Estado de M\u00e9xico [&#8230;] Inicia en el Estado de M\u00e9xico y el pr\u00f3ximo a\u00f1o, en marzo, ya tendremos en todas las entidades de la Rep\u00fablica\u00bb.<\/p>\n\n\n\n<p>En un video difundido en el sal\u00f3n Tesorer\u00eda de Palacio Nacional, se inform\u00f3 que las Farmacias del Bienestar inicia hoy martes en el Estado de M\u00e9xico con 500 m\u00f3dulos.<\/p>\n\n\n\n<p>\u00abHoy inician operaciones las Farmacias del Bienestar donde las personas beneficiarias del programa Salud Casa por Casa podr\u00e1n recibir medicamentos completamente gratuitos de<\/p>\n\n\n\n<p>\u00abLa primera etapa comienza hoy en el Estado de M\u00e9xico con 500 farmacias en operaci\u00f3n. En los primeros meses de 2026 el despliegue continuar\u00e1 en todo el pa\u00eds hasta cubrir las 32 entidades federativas\u00bb, se\u00f1al\u00f3.<\/p>\n","protected":false},"excerpt":{"rendered":"<p>\u00abLa primera etapa comienza hoy en el Estado de M\u00e9xico con 500 farmacias en operaci\u00f3n. En los primeros meses de 2026 el despliegue continuar\u00e1 en todo el pa\u00eds hasta cubrir las 32 entidades federativas\u00bb Agencia\/Ciudad de M\u00e9xico La presidenta Claudia Sheinbaum Pardo anunci\u00f3 el arranque de las Farmacias del Bienestar, en las cuales beneficiarios del [&hellip;]<\/p>\n","protected":false},"author":2,"featured_media":488089,"comment_status":"closed","ping_status":"closed","sticky":false,"template":"","format":"standard","meta":{"footnotes":""},"categories":[62],"tags":[],"class_list":["post-488088","post","type-post","status-publish","format-standard","has-post-thumbnail","hentry","category-el-pais"],"_links":{"self":[{"href":"https:\/\/diarioavancetabasco.com\/index.php?rest_route=\/wp\/v2\/posts\/488088","targetHints":{"allow":["GET"]}}],"collection":[{"href":"https:\/\/diarioavancetabasco.com\/index.php?rest_route=\/wp\/v2\/posts"}],"about":[{"href":"https:\/\/diarioavancetabasco.com\/index.php?rest_route=\/wp\/v2\/types\/post"}],"author":[{"embeddable":true,"href":"https:\/\/diarioavancetabasco.com\/index.php?rest_route=\/wp\/v2\/users\/2"}],"replies":[{"embeddable":true,"href":"https:\/\/diarioavancetabasco.com\/index.php?rest_route=%2Fwp%2Fv2%2Fcomments&post=488088"}],"version-history":[{"count":1,"href":"https:\/\/diarioavancetabasco.com\/index.php?rest_route=\/wp\/v2\/posts\/488088\/revisions"}],"predecessor-version":[{"id":488090,"href":"https:\/\/diarioavancetabasco.com\/index.php?rest_route=\/wp\/v2\/posts\/488088\/revisions\/488090"}],"wp:featuredmedia":[{"embeddable":true,"href":"https:\/\/diarioavancetabasco.com\/index.php?rest_route=\/wp\/v2\/media\/488089"}],"wp:attachment":[{"href":"https:\/\/diarioavancetabasco.com\/index.php?rest_route=%2Fwp%2Fv2%2Fmedia&parent=488088"}],"wp:term":[{"taxonomy":"category","embeddable":true,"href":"https:\/\/diarioavancetabasco.com\/index.php?rest_route=%2Fwp%2Fv2%2Fcategories&post=488088"},{"taxonomy":"post_tag","embeddable":true,"href":"https:\/\/diarioavancetabasco.com\/index.php?rest_route=%2Fwp%2Fv2%2Ftags&post=488088"}],"curies":[{"name":"wp","href":"https:\/\/api.w.org\/{rel}","templated":true}]}}