{"id":488097,"date":"2025-12-02T11:47:41","date_gmt":"2025-12-02T17:47:41","guid":{"rendered":"https:\/\/diarioavancetabasco.com\/?p=488097"},"modified":"2025-12-02T11:47:41","modified_gmt":"2025-12-02T17:47:41","slug":"iluminan-la-navidad-con-luces-de-alegria-y-esperanza-en-plaza-de-armas","status":"publish","type":"post","link":"https:\/\/diarioavancetabasco.com\/?p=488097","title":{"rendered":"Iluminan la Navidad con luces de alegr\u00eda y esperanza; en Plaza de Armas"},"content":{"rendered":"\n<p style=\"font-size:22px\">El Gobernador Javier May Rodr\u00edguez encendi\u00f3 las luces de las fiestas decembrinas e invit\u00f3 a las y los tabasque\u00f1os a vivir al m\u00e1ximo las festividades de la temporada; hay operativos para mantener el orden y la seguridad<\/p>\n\n\n\n<p><strong>Redacci\u00f3n\/Avance<\/strong><\/p>\n\n\n\n<p>En medio de juegos pirot\u00e9cnicos y un ambiente de uni\u00f3n y fraternidad, la gran familia tabasque\u00f1a disfrut\u00f3 la noche de este lunes del encendido de luces de las fiestas decembrinas, llevado a cabo por el Gobernador Javier May Rodr\u00edguez, quien invit\u00f3 a las y los tabasque\u00f1os a vivir al m\u00e1ximo las festividades de Navidad y fin de a\u00f1o, con la garant\u00eda de que el Gobierno del Pueblo tiene en marcha operativos para mantener el orden y la seguridad.<\/p>\n\n\n\n<p>&nbsp;\u201cSon luces de esperanza y de alegr\u00eda\u201d, proclam\u00f3 el mandatario estatal desde la emblem\u00e1tica Plaza de Armas de Villahermosa, en una ceremonia a la que asistieron decenas de familias tabasque\u00f1as de todas las edades que dejaron sentir su calor humano y su deseo de vivir las fiestas en completa paz y unidad.<\/p>\n\n\n\n<p>En compa\u00f1\u00eda de los presidentes del Tribunal Superior de Justicia (TSJ), Carlos Efra\u00edn Res\u00e9ndez Bocanegra, y de la Mesa Directiva del Congreso del Estado, Marcos Rosendo Medina Filigrana, as\u00ed como del presidente de la Junta de Coordinaci\u00f3n Pol\u00edtica (Jucopo), Jorge Orlando Bracamonte Hern\u00e1ndez, el jefe del Ejecutivo invit\u00f3 a las y los tabasque\u00f1os a vivir esta temporada en uni\u00f3n y armon\u00eda.<\/p>\n\n\n\n<p>\u201cQue estas fiestas la pasen muy bien, en armon\u00eda, que haya mucha salud, mucha paz, y que podamos entre todas y todos hacer realidad el sue\u00f1o de Tabasco\u201d, dese\u00f3 May Rodr\u00edguez a las familias, y recorri\u00f3 cada uno de los atractivos instalados en el coraz\u00f3n del Ed\u00e9n de M\u00e9xico, entre los que resaltan un \u00e1rbol monumental de Navidad, un t\u00fanel de luces multicolores, un nacimiento gigantesco y figuras decorativas alusivas a la temporada.<\/p>\n\n\n\n<p>Durante la ceremonia, el titular del TSJ, Carlos Efra\u00edn Res\u00e9ndez, recalc\u00f3 que el ambiente de convivencia y sano esparcimiento vivido esta noche en Plaza de Armas \u201ces la clara muestra de lo que queremos en Tabasco: la uni\u00f3n de las familias\u201d.<\/p>\n\n\n\n<p>En un evento esplendoroso celebrado en el espacio p\u00fablico que congrega las sedes de los tres poderes del estado, Res\u00e9ndez Bocanegra destac\u00f3 el gran respaldo del pueblo tabasque\u00f1o a sus autoridades de Gobierno. \u201cEste es el pueblo que quiere paz y tengan la seguridad de que las autoridades estamos trabajando unidas, para pacificar al estado\u201d, acentu\u00f3.<\/p>\n\n\n\n<p>Frente al Palacio de Gobierno, el presidente de la Jucopo, Jorge Orlando Bracamonte, felicit\u00f3 al Gobernador Javier May por esta iniciativa que re\u00fane a la gran familia tabasque\u00f1a. \u201cEl ver iluminada esta Plaza de Armas, donde residente los tres poderes, ser\u00e1 seguramente para el disfrute de las ni\u00f1as, de los ni\u00f1os, y de todos en general\u201d, puntualiz\u00f3.<\/p>\n\n\n\n<p>Posteriormente, en la Plaza de la Revoluci\u00f3n, el secretario de Gobierno del Estado, Jos\u00e9 Ramiro L\u00f3pez Obrador, en representaci\u00f3n del Gobernador May Rodr\u00edguez acompa\u00f1\u00f3 a la Presidenta Municipal de Centro, Yolanda Osuna Huerta en el encendido navide\u00f1o de Villahermosa, el cual da paso a la iluminaci\u00f3n decembrina en calles, parques y espacios p\u00fablicos de la ciudad capital.<\/p>\n\n\n\n<p>En el marco del evento \u2018Noche Buena en Centro&#8217; y hasta el 6 de enero, las y los tabasque\u00f1os de los 17 municipios y dem\u00e1s visitantes, podr\u00e1n disfrutar de \u00e1reas recreativas y un extenso programa cultural que dejan de manifiesto el orgullo por nuestras tradiciones.<\/p>\n\n\n\n<figure class=\"wp-block-image size-large\"><img loading=\"lazy\" decoding=\"async\" width=\"1024\" height=\"767\" src=\"http:\/\/diarioavancetabasco.com\/wp-content\/uploads\/2025\/12\/PLAZA-1024x767.jpg\" alt=\"\" class=\"wp-image-488099\" srcset=\"https:\/\/diarioavancetabasco.com\/wp-content\/uploads\/2025\/12\/PLAZA-1024x767.jpg 1024w, https:\/\/diarioavancetabasco.com\/wp-content\/uploads\/2025\/12\/PLAZA-300x225.jpg 300w, https:\/\/diarioavancetabasco.com\/wp-content\/uploads\/2025\/12\/PLAZA-200x150.jpg 200w, https:\/\/diarioavancetabasco.com\/wp-content\/uploads\/2025\/12\/PLAZA-768x575.jpg 768w, https:\/\/diarioavancetabasco.com\/wp-content\/uploads\/2025\/12\/PLAZA.jpg 1040w\" sizes=\"auto, (max-width: 1024px) 100vw, 1024px\" \/><figcaption class=\"wp-element-caption\">\u201cSon luces de esperanza y de alegr\u00eda\u201d, proclam\u00f3 el mandatario estatal desde la emblem\u00e1tica Plaza de Armas de Villahermosa. (FOTO: AGENCIA).\n<\/figcaption><\/figure>\n","protected":false},"excerpt":{"rendered":"<p>El Gobernador Javier May Rodr\u00edguez encendi\u00f3 las luces de las fiestas decembrinas e invit\u00f3 a las y los tabasque\u00f1os a vivir al m\u00e1ximo las festividades de la temporada; hay operativos para mantener el orden y la seguridad Redacci\u00f3n\/Avance En medio de juegos pirot\u00e9cnicos y un ambiente de uni\u00f3n y fraternidad, la gran familia tabasque\u00f1a disfrut\u00f3 [&hellip;]<\/p>\n","protected":false},"author":2,"featured_media":488098,"comment_status":"closed","ping_status":"closed","sticky":false,"template":"","format":"standard","meta":{"footnotes":""},"categories":[9],"tags":[],"class_list":["post-488097","post","type-post","status-publish","format-standard","has-post-thumbnail","hentry","category-politica"],"_links":{"self":[{"href":"https:\/\/diarioavancetabasco.com\/index.php?rest_route=\/wp\/v2\/posts\/488097","targetHints":{"allow":["GET"]}}],"collection":[{"href":"https:\/\/diarioavancetabasco.com\/index.php?rest_route=\/wp\/v2\/posts"}],"about":[{"href":"https:\/\/diarioavancetabasco.com\/index.php?rest_route=\/wp\/v2\/types\/post"}],"author":[{"embeddable":true,"href":"https:\/\/diarioavancetabasco.com\/index.php?rest_route=\/wp\/v2\/users\/2"}],"replies":[{"embeddable":true,"href":"https:\/\/diarioavancetabasco.com\/index.php?rest_route=%2Fwp%2Fv2%2Fcomments&post=488097"}],"version-history":[{"count":1,"href":"https:\/\/diarioavancetabasco.com\/index.php?rest_route=\/wp\/v2\/posts\/488097\/revisions"}],"predecessor-version":[{"id":488100,"href":"https:\/\/diarioavancetabasco.com\/index.php?rest_route=\/wp\/v2\/posts\/488097\/revisions\/488100"}],"wp:featuredmedia":[{"embeddable":true,"href":"https:\/\/diarioavancetabasco.com\/index.php?rest_route=\/wp\/v2\/media\/488098"}],"wp:attachment":[{"href":"https:\/\/diarioavancetabasco.com\/index.php?rest_route=%2Fwp%2Fv2%2Fmedia&parent=488097"}],"wp:term":[{"taxonomy":"category","embeddable":true,"href":"https:\/\/diarioavancetabasco.com\/index.php?rest_route=%2Fwp%2Fv2%2Fcategories&post=488097"},{"taxonomy":"post_tag","embeddable":true,"href":"https:\/\/diarioavancetabasco.com\/index.php?rest_route=%2Fwp%2Fv2%2Ftags&post=488097"}],"curies":[{"name":"wp","href":"https:\/\/api.w.org\/{rel}","templated":true}]}}