{"id":488110,"date":"2025-12-02T16:15:18","date_gmt":"2025-12-02T22:15:18","guid":{"rendered":"https:\/\/diarioavancetabasco.com\/?p=488110"},"modified":"2025-12-02T16:15:18","modified_gmt":"2025-12-02T22:15:18","slug":"comerciantes-del-centro-preocupados-por-el-proyecto-de-reubicacion-por-el-barrio-magico","status":"publish","type":"post","link":"https:\/\/diarioavancetabasco.com\/?p=488110","title":{"rendered":"Comerciantes del Centro preocupados por el proyecto de reubicaci\u00f3n por el \u201cBarrio M\u00e1gico\u201d"},"content":{"rendered":"\n<p style=\"font-size:22px\">El dirigente explic\u00f3 que ha escuchado sobre el proyecto a trav\u00e9s de comerciantes establecidos del Centro Hist\u00f3rico, como Roberto D\u00edaz, Salvador Sanpedro Aguilar y la familia P\u00e9rez Salda\u00f1a<\/p>\n\n\n\n<p><strong>Abisac M\u00e1rquez\/Avance<\/strong><\/p>\n\n\n\n<p>Lenin Garc\u00eda P\u00e9rez, l\u00edder de la uni\u00f3n de comerciantes fijos y semifijos del primer cuadro de Villahermosa, asegur\u00f3 que hasta el momento no han sido llamados a una reuni\u00f3n formal sobre el programa de reordenamiento y reubicaci\u00f3n que se contempla dentro del proyecto \u201cBarrio M\u00e1gico\u201d.<\/p>\n\n\n\n<p>Aunque reconoci\u00f3 que existen comentarios informales entre funcionarios, afirm\u00f3 que no conocen el plan ni los alcances reales de la reestructuraci\u00f3n.<\/p>\n\n\n\n<p>El dirigente explic\u00f3 que ha escuchado sobre el proyecto a trav\u00e9s de comerciantes establecidos del Centro Hist\u00f3rico, como Roberto D\u00edaz, Salvador Sanpedro Aguilar y la familia P\u00e9rez Salda\u00f1a, con quienes mantiene una relaci\u00f3n de trabajo desde hace d\u00e9cadas.<\/p>\n\n\n\n<p>Sin embargo, reiter\u00f3 que oficialmente nadie les ha presentado informaci\u00f3n detallada.Garc\u00eda P\u00e9rez subray\u00f3 que los ambulantes est\u00e1n dispuestos a colaborar en cualquier iniciativa que implique mejorar la imagen del Centro Hist\u00f3rico.<\/p>\n\n\n\n<p>El l\u00edder tambi\u00e9n dijo que, si se requiere instalar m\u00f3dulos, islas o nuevos dise\u00f1os para los puestos, est\u00e1n abiertos a analizar propuestas. Incluso coment\u00f3 que ha observado modelos en M\u00e9rida, Campeche y Tulum que podr\u00edan servir como referencia. No obstante, aclar\u00f3 que hasta hoy no existe ninguna propuesta oficial sobre la mesa.Garc\u00eda P\u00e9rez reconoci\u00f3 que el \u00e1rea de Los Portales se encuentra saturada, en parte debido a la reubicaci\u00f3n de 28 comerciantes provenientes de las calles Ju\u00e1rez, Lerdo y Llama, lo que tambi\u00e9n dej\u00f3 zonas como Aldama con poca actividad comercial.<\/p>\n","protected":false},"excerpt":{"rendered":"<p>El dirigente explic\u00f3 que ha escuchado sobre el proyecto a trav\u00e9s de comerciantes establecidos del Centro Hist\u00f3rico, como Roberto D\u00edaz, Salvador Sanpedro Aguilar y la familia P\u00e9rez Salda\u00f1a Abisac M\u00e1rquez\/Avance Lenin Garc\u00eda P\u00e9rez, l\u00edder de la uni\u00f3n de comerciantes fijos y semifijos del primer cuadro de Villahermosa, asegur\u00f3 que hasta el momento no han sido [&hellip;]<\/p>\n","protected":false},"author":2,"featured_media":488111,"comment_status":"closed","ping_status":"closed","sticky":false,"template":"","format":"standard","meta":{"footnotes":""},"categories":[57],"tags":[],"class_list":["post-488110","post","type-post","status-publish","format-standard","has-post-thumbnail","hentry","category-local"],"_links":{"self":[{"href":"https:\/\/diarioavancetabasco.com\/index.php?rest_route=\/wp\/v2\/posts\/488110","targetHints":{"allow":["GET"]}}],"collection":[{"href":"https:\/\/diarioavancetabasco.com\/index.php?rest_route=\/wp\/v2\/posts"}],"about":[{"href":"https:\/\/diarioavancetabasco.com\/index.php?rest_route=\/wp\/v2\/types\/post"}],"author":[{"embeddable":true,"href":"https:\/\/diarioavancetabasco.com\/index.php?rest_route=\/wp\/v2\/users\/2"}],"replies":[{"embeddable":true,"href":"https:\/\/diarioavancetabasco.com\/index.php?rest_route=%2Fwp%2Fv2%2Fcomments&post=488110"}],"version-history":[{"count":1,"href":"https:\/\/diarioavancetabasco.com\/index.php?rest_route=\/wp\/v2\/posts\/488110\/revisions"}],"predecessor-version":[{"id":488112,"href":"https:\/\/diarioavancetabasco.com\/index.php?rest_route=\/wp\/v2\/posts\/488110\/revisions\/488112"}],"wp:featuredmedia":[{"embeddable":true,"href":"https:\/\/diarioavancetabasco.com\/index.php?rest_route=\/wp\/v2\/media\/488111"}],"wp:attachment":[{"href":"https:\/\/diarioavancetabasco.com\/index.php?rest_route=%2Fwp%2Fv2%2Fmedia&parent=488110"}],"wp:term":[{"taxonomy":"category","embeddable":true,"href":"https:\/\/diarioavancetabasco.com\/index.php?rest_route=%2Fwp%2Fv2%2Fcategories&post=488110"},{"taxonomy":"post_tag","embeddable":true,"href":"https:\/\/diarioavancetabasco.com\/index.php?rest_route=%2Fwp%2Fv2%2Ftags&post=488110"}],"curies":[{"name":"wp","href":"https:\/\/api.w.org\/{rel}","templated":true}]}}