{"id":488145,"date":"2025-12-03T00:00:00","date_gmt":"2025-12-03T06:00:00","guid":{"rendered":"https:\/\/diarioavancetabasco.com\/?p=488145"},"modified":"2025-12-02T20:49:42","modified_gmt":"2025-12-03T02:49:42","slug":"dia-internacional-de-las-personas-con-discapacidad","status":"publish","type":"post","link":"https:\/\/diarioavancetabasco.com\/?p=488145","title":{"rendered":"D\u00eda Internacional de las Personas con Discapacidad"},"content":{"rendered":"\n<p style=\"font-size:20px\"><strong>Por Felipe Hern\u00e1ndez\/Avance<br><\/strong>Cada 3 de diciembre se conmemora el D\u00eda Internacional de las Personas con Discapacidad, una fecha creada para visibilizar las barreras que a\u00fan enfrentan millones de personas en todo el mundo y para impulsar acciones que garanticen su plena inclusi\u00f3n en la sociedad. Aunque hoy es un d\u00eda ampliamente reconocido, su origen se remonta a hace m\u00e1s de tres d\u00e9cadas.<br>La celebraci\u00f3n fue establecida en 1992 por la Asamblea General de las Naciones Unidas, con el prop\u00f3sito de promover la comprensi\u00f3n sobre la discapacidad y fomentar el respeto a la dignidad, los derechos y el bienestar de las personas con discapacidad. Desde entonces, la ONU impulsa esta jornada como un espacio global para reflexionar, evaluar avances y recordar que la igualdad no se logra solo con leyes, sino con oportunidades reales.<br>Este d\u00eda tambi\u00e9n invita a los gobiernos, instituciones y ciudadan\u00eda a eliminar obst\u00e1culos f\u00edsicos, sociales y culturales que limitan la participaci\u00f3n plena de las personas con discapacidad. La accesibilidad, la educaci\u00f3n inclusiva, el empleo digno y el acceso equitativo a la salud siguen siendo desaf\u00edos urgentes en muchos pa\u00edses.<br>Cada a\u00f1o, la ONU propone un tema central para enfocar esfuerzos y promover nuevas pol\u00edticas. Estos temas buscan destacar la importancia de la tecnolog\u00eda, la inclusi\u00f3n laboral, la participaci\u00f3n comunitaria o la reducci\u00f3n de desigualdades, dependiendo del contexto global.<br>El D\u00eda Internacional de las Personas con Discapacidad es relevante porque recuerda que la inclusi\u00f3n no es un acto de caridad, sino un derecho humano. Adem\u00e1s, reconoce que la diversidad enriquece a las comunidades y que un entorno accesible beneficia a todas las personas.<br>En un mundo que avanza hacia sociedades m\u00e1s justas, esta fecha funciona como un recordatorio de que a\u00fan queda camino por recorrer. Conmemorarlo es una invitaci\u00f3n a construir espacios que respeten la igualdad, promuevan la participaci\u00f3n y garanticen que nadie quede atr\u00e1s.<\/p>\n","protected":false},"excerpt":{"rendered":"<p>Por Felipe Hern\u00e1ndez\/AvanceCada 3 de diciembre se conmemora el D\u00eda Internacional de las Personas con Discapacidad, una fecha creada para visibilizar las barreras que a\u00fan enfrentan millones de personas en todo el mundo y para impulsar acciones que garanticen su plena inclusi\u00f3n en la sociedad. Aunque hoy es un d\u00eda ampliamente reconocido, su origen se [&hellip;]<\/p>\n","protected":false},"author":2,"featured_media":488146,"comment_status":"closed","ping_status":"closed","sticky":false,"template":"","format":"standard","meta":{"footnotes":""},"categories":[17],"tags":[],"class_list":["post-488145","post","type-post","status-publish","format-standard","has-post-thumbnail","hentry","category-de-interes"],"_links":{"self":[{"href":"https:\/\/diarioavancetabasco.com\/index.php?rest_route=\/wp\/v2\/posts\/488145","targetHints":{"allow":["GET"]}}],"collection":[{"href":"https:\/\/diarioavancetabasco.com\/index.php?rest_route=\/wp\/v2\/posts"}],"about":[{"href":"https:\/\/diarioavancetabasco.com\/index.php?rest_route=\/wp\/v2\/types\/post"}],"author":[{"embeddable":true,"href":"https:\/\/diarioavancetabasco.com\/index.php?rest_route=\/wp\/v2\/users\/2"}],"replies":[{"embeddable":true,"href":"https:\/\/diarioavancetabasco.com\/index.php?rest_route=%2Fwp%2Fv2%2Fcomments&post=488145"}],"version-history":[{"count":2,"href":"https:\/\/diarioavancetabasco.com\/index.php?rest_route=\/wp\/v2\/posts\/488145\/revisions"}],"predecessor-version":[{"id":488148,"href":"https:\/\/diarioavancetabasco.com\/index.php?rest_route=\/wp\/v2\/posts\/488145\/revisions\/488148"}],"wp:featuredmedia":[{"embeddable":true,"href":"https:\/\/diarioavancetabasco.com\/index.php?rest_route=\/wp\/v2\/media\/488146"}],"wp:attachment":[{"href":"https:\/\/diarioavancetabasco.com\/index.php?rest_route=%2Fwp%2Fv2%2Fmedia&parent=488145"}],"wp:term":[{"taxonomy":"category","embeddable":true,"href":"https:\/\/diarioavancetabasco.com\/index.php?rest_route=%2Fwp%2Fv2%2Fcategories&post=488145"},{"taxonomy":"post_tag","embeddable":true,"href":"https:\/\/diarioavancetabasco.com\/index.php?rest_route=%2Fwp%2Fv2%2Ftags&post=488145"}],"curies":[{"name":"wp","href":"https:\/\/api.w.org\/{rel}","templated":true}]}}