{"id":488155,"date":"2025-12-03T00:00:00","date_gmt":"2025-12-03T06:00:00","guid":{"rendered":"https:\/\/diarioavancetabasco.com\/?p=488155"},"modified":"2025-12-02T20:54:28","modified_gmt":"2025-12-03T02:54:28","slug":"el-personaje-detras-de-la-calle-felipe-j-serra-el-benemerito-del-estado","status":"publish","type":"post","link":"https:\/\/diarioavancetabasco.com\/?p=488155","title":{"rendered":"El personaje detr\u00e1s de la calle: Felipe J. Serra el Benem\u00e9rito del Estado"},"content":{"rendered":"\n<p><strong>Por Felipe Hern\u00e1ndez\/Avance<br><\/strong>En la colonia Atasta de Serra, una de las zonas tradicionales de Villahermosa, existe una calle cuyo nombre remite a un personaje que particip\u00f3 en algunos de los episodios militares y pol\u00edticos m\u00e1s intensos del Tabasco del siglo XIX, Felipe J. Serra. Aunque no siempre es mencionado entre los protagonistas m\u00e1s conocidos de la historia estatal, su papel durante dos intervenciones extranjeras y sus m\u00faltiples encargos como gobernador dejaron una huella suficiente para que su nombre perdurara en el territorio donde naci\u00f3.<br>Felipe de Jes\u00fas Serra naci\u00f3 en la antigua Villa de Atasta el 6 de enero de 1822 y comenz\u00f3 a figurar en la vida p\u00fablica durante la segunda invasi\u00f3n estadounidense a Tabasco en 1847. Entonces fung\u00eda como secretario del gobernador Justo Santa Anna y particip\u00f3 en la defensa del estado durante el bloqueo mar\u00edtimo y la toma de la capital. M\u00e1s tarde form\u00f3 parte de la guerra de guerrillas que logr\u00f3 expulsar definitivamente a las fuerzas norteamericanas el 18 de julio de ese mismo a\u00f1o.<br>Dos d\u00e9cadas despu\u00e9s, en 1863, el estado enfrent\u00f3 la intervenci\u00f3n francesa. Tras el bombardeo a San Juan Bautista, las autoridades se trasladaron a Tacotalpa y el gobernador Due\u00f1as dej\u00f3 el mando provisional a Felipe J. Serra. As\u00ed comenz\u00f3 su primer interinato, en el que combati\u00f3 junto a Gregorio M\u00e9ndez y S\u00e1nchez Magallanes en la Batalla de El Jahuactal, un enfrentamiento determinante para iniciar el sitio y la posterior Toma de San Juan Bautista en febrero de 1864.<br>Serra ocup\u00f3 nuevamente la gubernatura de forma interina en 1887 y fue electo gobernador constitucional para el periodo de 1868 a 1871. Adem\u00e1s, cubri\u00f3 en cinco ocasiones las ausencias del gobernador Abraham Bandala entre 1895 y 1900, lo que lo convirti\u00f3 en una figura recurrente en la vida pol\u00edtica del estado durante varias d\u00e9cadas.<br>Su carrera tambi\u00e9n incluy\u00f3 cargos como diputado local y vicegobernador. En 1904, el Congreso de Tabasco lo declar\u00f3 Benem\u00e9rito del Estado, y su nombre fue inscrito en el Muro de Honor ubicado en Villahermosa.<br>Por esta trayectoria y por haber nacido en la zona, la colonia adopt\u00f3 el nombre Atasta de Serra, y m\u00faltiples calles en distintos municipios recuerdan hoy a Felipe J. Serra. La calle ubicada en Atasta no solo conserva su nombre, sino tambi\u00e9n parte de la historia de un periodo en el que Tabasco enfrent\u00f3 invasiones, cambios de poder y un complejo panorama pol\u00edtico.<\/p>\n","protected":false},"excerpt":{"rendered":"<p>Por Felipe Hern\u00e1ndez\/AvanceEn la colonia Atasta de Serra, una de las zonas tradicionales de Villahermosa, existe una calle cuyo nombre remite a un personaje que particip\u00f3 en algunos de los episodios militares y pol\u00edticos m\u00e1s intensos del Tabasco del siglo XIX, Felipe J. Serra. Aunque no siempre es mencionado entre los protagonistas m\u00e1s conocidos de [&hellip;]<\/p>\n","protected":false},"author":2,"featured_media":488156,"comment_status":"closed","ping_status":"closed","sticky":false,"template":"","format":"standard","meta":{"footnotes":""},"categories":[48],"tags":[],"class_list":["post-488155","post","type-post","status-publish","format-standard","has-post-thumbnail","hentry","category-cultura"],"_links":{"self":[{"href":"https:\/\/diarioavancetabasco.com\/index.php?rest_route=\/wp\/v2\/posts\/488155","targetHints":{"allow":["GET"]}}],"collection":[{"href":"https:\/\/diarioavancetabasco.com\/index.php?rest_route=\/wp\/v2\/posts"}],"about":[{"href":"https:\/\/diarioavancetabasco.com\/index.php?rest_route=\/wp\/v2\/types\/post"}],"author":[{"embeddable":true,"href":"https:\/\/diarioavancetabasco.com\/index.php?rest_route=\/wp\/v2\/users\/2"}],"replies":[{"embeddable":true,"href":"https:\/\/diarioavancetabasco.com\/index.php?rest_route=%2Fwp%2Fv2%2Fcomments&post=488155"}],"version-history":[{"count":1,"href":"https:\/\/diarioavancetabasco.com\/index.php?rest_route=\/wp\/v2\/posts\/488155\/revisions"}],"predecessor-version":[{"id":488157,"href":"https:\/\/diarioavancetabasco.com\/index.php?rest_route=\/wp\/v2\/posts\/488155\/revisions\/488157"}],"wp:featuredmedia":[{"embeddable":true,"href":"https:\/\/diarioavancetabasco.com\/index.php?rest_route=\/wp\/v2\/media\/488156"}],"wp:attachment":[{"href":"https:\/\/diarioavancetabasco.com\/index.php?rest_route=%2Fwp%2Fv2%2Fmedia&parent=488155"}],"wp:term":[{"taxonomy":"category","embeddable":true,"href":"https:\/\/diarioavancetabasco.com\/index.php?rest_route=%2Fwp%2Fv2%2Fcategories&post=488155"},{"taxonomy":"post_tag","embeddable":true,"href":"https:\/\/diarioavancetabasco.com\/index.php?rest_route=%2Fwp%2Fv2%2Ftags&post=488155"}],"curies":[{"name":"wp","href":"https:\/\/api.w.org\/{rel}","templated":true}]}}