{"id":488326,"date":"2025-12-05T09:26:29","date_gmt":"2025-12-05T15:26:29","guid":{"rendered":"https:\/\/diarioavancetabasco.com\/?p=488326"},"modified":"2025-12-05T09:26:29","modified_gmt":"2025-12-05T15:26:29","slug":"gestiona-colegio-de-abogados-especialidad-en-derecho","status":"publish","type":"post","link":"https:\/\/diarioavancetabasco.com\/?p=488326","title":{"rendered":"Gestiona Colegio de Abogados especialidad en Derecho"},"content":{"rendered":"\n<p>En conferencia de prensa integrantes del Colegio de Abogados encabezados por Natividad Dom\u00ednguez Morales dieron a conocer la \u00a0gesti\u00f3n de una especialidad en la Universidad Ju\u00e1rez Aut\u00f3noma de Tabasco (UJAT), de acuerdo a los art\u00edculos 183, 666 y 800 del C\u00f3digo Nacional de Procedimientos Civiles y Familiares exigen expresamente la especialidad en los derechos de la infancia a litigantes y defensores p\u00fablicos en aquellos juicios, en que se involucre a menores de edad.<\/p>\n","protected":false},"excerpt":{"rendered":"<p>En conferencia de prensa integrantes del Colegio de Abogados encabezados por Natividad Dom\u00ednguez Morales dieron a conocer la \u00a0gesti\u00f3n de una especialidad en la Universidad Ju\u00e1rez Aut\u00f3noma de Tabasco (UJAT), de acuerdo a los art\u00edculos 183, 666 y 800 del C\u00f3digo Nacional de Procedimientos Civiles y Familiares exigen expresamente la especialidad en los derechos de [&hellip;]<\/p>\n","protected":false},"author":2,"featured_media":488327,"comment_status":"closed","ping_status":"closed","sticky":false,"template":"","format":"standard","meta":{"footnotes":""},"categories":[57],"tags":[],"class_list":["post-488326","post","type-post","status-publish","format-standard","has-post-thumbnail","hentry","category-local"],"_links":{"self":[{"href":"https:\/\/diarioavancetabasco.com\/index.php?rest_route=\/wp\/v2\/posts\/488326","targetHints":{"allow":["GET"]}}],"collection":[{"href":"https:\/\/diarioavancetabasco.com\/index.php?rest_route=\/wp\/v2\/posts"}],"about":[{"href":"https:\/\/diarioavancetabasco.com\/index.php?rest_route=\/wp\/v2\/types\/post"}],"author":[{"embeddable":true,"href":"https:\/\/diarioavancetabasco.com\/index.php?rest_route=\/wp\/v2\/users\/2"}],"replies":[{"embeddable":true,"href":"https:\/\/diarioavancetabasco.com\/index.php?rest_route=%2Fwp%2Fv2%2Fcomments&post=488326"}],"version-history":[{"count":1,"href":"https:\/\/diarioavancetabasco.com\/index.php?rest_route=\/wp\/v2\/posts\/488326\/revisions"}],"predecessor-version":[{"id":488328,"href":"https:\/\/diarioavancetabasco.com\/index.php?rest_route=\/wp\/v2\/posts\/488326\/revisions\/488328"}],"wp:featuredmedia":[{"embeddable":true,"href":"https:\/\/diarioavancetabasco.com\/index.php?rest_route=\/wp\/v2\/media\/488327"}],"wp:attachment":[{"href":"https:\/\/diarioavancetabasco.com\/index.php?rest_route=%2Fwp%2Fv2%2Fmedia&parent=488326"}],"wp:term":[{"taxonomy":"category","embeddable":true,"href":"https:\/\/diarioavancetabasco.com\/index.php?rest_route=%2Fwp%2Fv2%2Fcategories&post=488326"},{"taxonomy":"post_tag","embeddable":true,"href":"https:\/\/diarioavancetabasco.com\/index.php?rest_route=%2Fwp%2Fv2%2Ftags&post=488326"}],"curies":[{"name":"wp","href":"https:\/\/api.w.org\/{rel}","templated":true}]}}