{"id":488431,"date":"2025-12-07T11:33:37","date_gmt":"2025-12-07T17:33:37","guid":{"rendered":"https:\/\/diarioavancetabasco.com\/?p=488431"},"modified":"2025-12-07T11:33:37","modified_gmt":"2025-12-07T17:33:37","slug":"tabasquenas-y-tabasquenos-el-gobernador-javier-may-cumple-su-palabra-con-obras-sociales","status":"publish","type":"post","link":"https:\/\/diarioavancetabasco.com\/?p=488431","title":{"rendered":"Tabasque\u00f1as y tabasque\u00f1os el gobernador Javier May cumple su palabra con obras sociales"},"content":{"rendered":"\n<p style=\"font-size:22px\">Esmeralda Palomeque, delegada de Guanal tercera secci\u00f3n, sostuvo que el anterior pozo no les abastec\u00eda hasta las \u00faltimas viviendas, pero ahora con la orden del Jefe del Ejecutivo de rehabilitarlo todos tienen agua potable de calidad<\/p>\n\n\n\n<p><strong>Redacci\u00f3n\/Avance<\/strong><\/p>\n\n\n\n<p>Tabasque\u00f1os y tabasque\u00f1as de diferentes comunidades de Tabasco reconocierin al Gobernador Javier May Rodr\u00edguez, porque ha honrado la palabra empe\u00f1ada en campa\u00f1a, ejecutando obras prioritarias en beneficio del pueblo, muchas de ellas que hoy se est\u00e1n inaugurando.<\/p>\n\n\n\n<p>Tal es el caso de la rehabilitaci\u00f3n Pozo Profundo de la comunidad de Guanal, Jalapa, que hab\u00eda sido pedida en diversas ocasiones a gobernadores que hicieron o\u00eddos sordos.<\/p>\n\n\n\n<p>Lo anterior lo afirm\u00f3 Federico Silv\u00e1n Silvan, oriundo de esta demarcaci\u00f3n, quien acudi\u00f3 a la inauguraci\u00f3n de la Rehabilitaci\u00f3n Integral del Sistema de Agua Potable, para beneficio de poco m\u00e1s de 900 habitantes.<\/p>\n\n\n\n<p>\u00abSignifica mucho para la comunidad, ten\u00edamos un pozo pero estaba en malas condiciones\u00bb y remarc\u00f3 que con las adecuaciones que se hicieron, se acabaron los problemas de abastecimiento de agua.<\/p>\n\n\n\n<p>Esmeralda Palomeque, delegada de Guanal tercera secci\u00f3n, sostuvo que el anterior pozo no les abastec\u00eda hasta las \u00faltimas viviendas, pero ahora con la orden del Jefe del Ejecutivo de rehabilitarlo todos tienen agua potable de calidad.<\/p>\n\n\n\n<p>En Ciudad Tecolutilla, Comalcalco, donde la CEAS realiz\u00f3 la rehabilitaci\u00f3n del C\u00e1rcamo de Bombeo, el ciudadano Jos\u00e9 Luis P\u00e9rez Ar\u00e9valo, coment\u00f3 que es un beneficio que estaban esperando.<\/p>\n\n\n\n<p>\u00abEs un bienestar para la comunidad, es algo que est\u00e1bamos esperando, que alguna autoridad nos atendiera\u00bb, dijo.<\/p>\n\n\n\n<p>Ah\u00ed mismo en Ciudad Tecolutilla, la se\u00f1ora Marl\u00edn L\u00f3pez Mart\u00ednez asegur\u00f3 que Javier May est\u00e1 cumpliendo, pues la rehabilitaci\u00f3n del pozo profundo que siempre ha estado a cargo del Gobierno del Estado era algo anhelado.<\/p>\n\n\n\n<p>Do\u00f1a Manuela L\u00f3pez Rodr\u00edguez otros mandatarios hab\u00edan prometido la rehabilitaci\u00f3n de los pozos, pero nunca hab\u00edan visto claro, por lo que ahora con Javier May es una situaci\u00f3n distinta. \u00abHoy es un d\u00eda muy especial para todos los pobladores\u00bb, asegur\u00f3 emocionada por las obras entregadas.<\/p>\n\n\n\n<figure class=\"wp-block-image size-large\"><img loading=\"lazy\" decoding=\"async\" width=\"1024\" height=\"682\" src=\"http:\/\/diarioavancetabasco.com\/wp-content\/uploads\/2025\/12\/CUMPLE-1024x682.jpg\" alt=\"\" class=\"wp-image-488433\" srcset=\"https:\/\/diarioavancetabasco.com\/wp-content\/uploads\/2025\/12\/CUMPLE-1024x682.jpg 1024w, https:\/\/diarioavancetabasco.com\/wp-content\/uploads\/2025\/12\/CUMPLE-300x200.jpg 300w, https:\/\/diarioavancetabasco.com\/wp-content\/uploads\/2025\/12\/CUMPLE-768x512.jpg 768w, https:\/\/diarioavancetabasco.com\/wp-content\/uploads\/2025\/12\/CUMPLE-1536x1023.jpg 1536w, https:\/\/diarioavancetabasco.com\/wp-content\/uploads\/2025\/12\/CUMPLE.jpg 1600w\" sizes=\"auto, (max-width: 1024px) 100vw, 1024px\" \/><figcaption class=\"wp-element-caption\">\u00abHoy es un d\u00eda muy especial para todos los pobladores\u00bb, asegur\u00f3 emocionada por las obras entregadas. (FOTO:AGENCIA).\n<\/figcaption><\/figure>\n","protected":false},"excerpt":{"rendered":"<p>Esmeralda Palomeque, delegada de Guanal tercera secci\u00f3n, sostuvo que el anterior pozo no les abastec\u00eda hasta las \u00faltimas viviendas, pero ahora con la orden del Jefe del Ejecutivo de rehabilitarlo todos tienen agua potable de calidad Redacci\u00f3n\/Avance Tabasque\u00f1os y tabasque\u00f1as de diferentes comunidades de Tabasco reconocierin al Gobernador Javier May Rodr\u00edguez, porque ha honrado la [&hellip;]<\/p>\n","protected":false},"author":2,"featured_media":488432,"comment_status":"closed","ping_status":"closed","sticky":false,"template":"","format":"standard","meta":{"footnotes":""},"categories":[9],"tags":[],"class_list":["post-488431","post","type-post","status-publish","format-standard","has-post-thumbnail","hentry","category-politica"],"_links":{"self":[{"href":"https:\/\/diarioavancetabasco.com\/index.php?rest_route=\/wp\/v2\/posts\/488431","targetHints":{"allow":["GET"]}}],"collection":[{"href":"https:\/\/diarioavancetabasco.com\/index.php?rest_route=\/wp\/v2\/posts"}],"about":[{"href":"https:\/\/diarioavancetabasco.com\/index.php?rest_route=\/wp\/v2\/types\/post"}],"author":[{"embeddable":true,"href":"https:\/\/diarioavancetabasco.com\/index.php?rest_route=\/wp\/v2\/users\/2"}],"replies":[{"embeddable":true,"href":"https:\/\/diarioavancetabasco.com\/index.php?rest_route=%2Fwp%2Fv2%2Fcomments&post=488431"}],"version-history":[{"count":1,"href":"https:\/\/diarioavancetabasco.com\/index.php?rest_route=\/wp\/v2\/posts\/488431\/revisions"}],"predecessor-version":[{"id":488434,"href":"https:\/\/diarioavancetabasco.com\/index.php?rest_route=\/wp\/v2\/posts\/488431\/revisions\/488434"}],"wp:featuredmedia":[{"embeddable":true,"href":"https:\/\/diarioavancetabasco.com\/index.php?rest_route=\/wp\/v2\/media\/488432"}],"wp:attachment":[{"href":"https:\/\/diarioavancetabasco.com\/index.php?rest_route=%2Fwp%2Fv2%2Fmedia&parent=488431"}],"wp:term":[{"taxonomy":"category","embeddable":true,"href":"https:\/\/diarioavancetabasco.com\/index.php?rest_route=%2Fwp%2Fv2%2Fcategories&post=488431"},{"taxonomy":"post_tag","embeddable":true,"href":"https:\/\/diarioavancetabasco.com\/index.php?rest_route=%2Fwp%2Fv2%2Ftags&post=488431"}],"curies":[{"name":"wp","href":"https:\/\/api.w.org\/{rel}","templated":true}]}}