{"id":488435,"date":"2025-12-07T12:03:11","date_gmt":"2025-12-07T18:03:11","guid":{"rendered":"https:\/\/diarioavancetabasco.com\/?p=488435"},"modified":"2025-12-07T12:03:11","modified_gmt":"2025-12-07T18:03:11","slug":"desfile-de-modas-artesanal-jitpixan-que-mostrara-disenos-de-iconografias-mayas","status":"publish","type":"post","link":"https:\/\/diarioavancetabasco.com\/?p=488435","title":{"rendered":"Desfile de Modas Artesanal \u201cJit\u2019Pixan\u201d que mostrar\u00e1 dise\u00f1os de iconograf\u00edas mayas"},"content":{"rendered":"\n<p style=\"font-size:22px\">La pasarela se presentar\u00e1 el 17 de diciembre, a partir de las 3:00 de la tarde, en el Centro Cultural Quinta Grijalva, informo la directora del IFAT, Vianey Rodr\u00edguez Torres<\/p>\n\n\n\n<p><strong>Redacci\u00f3n\/Avance<\/strong><\/p>\n\n\n\n<p>Con el prop\u00f3sito de fomentar y promover el talento y creatividad de artesanas y artesanos tabasque\u00f1os, el Instituto para el Fomento de las Artesan\u00edas de Tabasco (IFAT), invita al Desfile de Modas Artesanal \u201cJit\u2019Pixan\u201d (tejidos del coraz\u00f3n), que se llevar\u00e1 a cabo el mi\u00e9rcoles 17 de diciembre, a partir de las 3:00 de la tarde en el Centro Cultural Quinta Grijalva.<\/p>\n\n\n\n<p>La titular del IFAT, Vianey Rodr\u00edguez Torres, inform\u00f3 que, en esta segunda edici\u00f3n del desfile, se contar\u00e1 con la participaci\u00f3n de poco m\u00e1s de 20 artesanas de los municipios de Nacajuca, Centro, Cunduac\u00e1n y Jonuta, con dise\u00f1os que mostrar\u00e1n las iconograf\u00edas mayas. \u201cPorque en Tabasco tambi\u00e9n somos mayas y queremos mostrar las riquezas que se pueden hacer con el apoyo del Gobierno del Pueblo\u201d.<\/p>\n\n\n\n<p>Explic\u00f3 que la pasarela inicialmente contemplada para realizarse el s\u00e1bado 13 de diciembre, cambi\u00f3 de fecha para el mi\u00e9rcoles 17 de este mismo mes, con el fin de garantizar una mejor organizaci\u00f3n y asistencia, por lo que reiter\u00f3 la invitaci\u00f3n a todas y todos los tabasque\u00f1os para que conozcan los dise\u00f1os elaborados por las manos m\u00e1gicas de las y los artesanos locales. \u201cSe trata de una fusi\u00f3n de nuestras artesanas y los dise\u00f1adores, es una innovaci\u00f3n muy atractiva\u201d, puntualiz\u00f3.<\/p>\n\n\n\n<p>Destac\u00f3 que durante el desfile tambi\u00e9n se instalar\u00e1 un pabell\u00f3n artesanal y refiri\u00f3 que el IFAT cuenta con siete tiendas en la capital tabasque\u00f1a, ubicadas en Galer\u00edas Tabasco 2000, en La Cacaotera, Museo La Venta, Aeropuerto Internacional, en la Casa de las Artesan\u00edas y en las oficinas de Plaza Sur.<\/p>\n\n\n\n<p>Record\u00f3 que en la primera edici\u00f3n del desfile que llev\u00f3 por nombre \u201cGuardianes de la Naturaleza\u201d se mostraron 24 iconograf\u00edas de la flora y fauna tabasque\u00f1as, que tambi\u00e9n exhibi\u00f3 el bordado del follaje del cacao, la mazorca, la flor de chipil, la chaya, la j\u00edcara, el pochitoque y el manat\u00ed.<\/p>\n\n\n\n<p>\u201cSigamos compartiendo y viviendo nuestra cultura. Seamos embajadores de nuestra cultura, veamos la magia que hacen nuestros artesanos y artesanas, pero, sobre todo, consumamos lo nuestro y la artesan\u00eda tabasque\u00f1a, principalmente en esta temporada navide\u00f1a\u201d, subray\u00f3 la servidora p\u00fablica.<\/p>\n\n\n\n<p>A su vez, la artesana Olga Fr\u00edas P\u00e9rez, de la rancher\u00eda Arroyo, Nacajuca, mencion\u00f3 que ella tambi\u00e9n participar\u00e1 en el desfile con iconograf\u00edas mayas realizadas con punto de lomillo, por lo que dijo sentirse muy entusiasmada de formar parte del evento.<\/p>\n\n\n\n<p>\u201cAgradecemos al Gobierno del Pueblo, por medio del IFAT, por darnos espacios como el desfile, porque es muy importante que las y los artesanos demos a conocer nuestros trabajos, productos y tiras bordadas. La verdad es que podemos hacer maravillas con nuestras manos\u201d, puntualiz\u00f3 la artesana tabasque\u00f1a.<\/p>\n\n\n\n<figure class=\"wp-block-image size-large\"><img loading=\"lazy\" decoding=\"async\" width=\"1024\" height=\"682\" src=\"http:\/\/diarioavancetabasco.com\/wp-content\/uploads\/2025\/12\/ARTE-1024x682.jpg\" alt=\"\" class=\"wp-image-488437\" srcset=\"https:\/\/diarioavancetabasco.com\/wp-content\/uploads\/2025\/12\/ARTE-1024x682.jpg 1024w, https:\/\/diarioavancetabasco.com\/wp-content\/uploads\/2025\/12\/ARTE-300x200.jpg 300w, https:\/\/diarioavancetabasco.com\/wp-content\/uploads\/2025\/12\/ARTE-768x512.jpg 768w, https:\/\/diarioavancetabasco.com\/wp-content\/uploads\/2025\/12\/ARTE-1536x1023.jpg 1536w, https:\/\/diarioavancetabasco.com\/wp-content\/uploads\/2025\/12\/ARTE.jpg 1600w\" sizes=\"auto, (max-width: 1024px) 100vw, 1024px\" \/><figcaption class=\"wp-element-caption\">El IFAT cuenta con siete tiendas en la capital tabasque\u00f1a, ubicadas en Galer\u00edas Tabasco 2000, en La Cacaotera, Museo La Venta, Aeropuerto Internacional, en la Casa de las Artesan\u00edas y en las oficinas de Plaza Sur. (FOTO: AGENCIA).\n<\/figcaption><\/figure>\n","protected":false},"excerpt":{"rendered":"<p>La pasarela se presentar\u00e1 el 17 de diciembre, a partir de las 3:00 de la tarde, en el Centro Cultural Quinta Grijalva, informo la directora del IFAT, Vianey Rodr\u00edguez Torres Redacci\u00f3n\/Avance Con el prop\u00f3sito de fomentar y promover el talento y creatividad de artesanas y artesanos tabasque\u00f1os, el Instituto para el Fomento de las Artesan\u00edas [&hellip;]<\/p>\n","protected":false},"author":2,"featured_media":488436,"comment_status":"closed","ping_status":"closed","sticky":false,"template":"","format":"standard","meta":{"footnotes":""},"categories":[57],"tags":[],"class_list":["post-488435","post","type-post","status-publish","format-standard","has-post-thumbnail","hentry","category-local"],"_links":{"self":[{"href":"https:\/\/diarioavancetabasco.com\/index.php?rest_route=\/wp\/v2\/posts\/488435","targetHints":{"allow":["GET"]}}],"collection":[{"href":"https:\/\/diarioavancetabasco.com\/index.php?rest_route=\/wp\/v2\/posts"}],"about":[{"href":"https:\/\/diarioavancetabasco.com\/index.php?rest_route=\/wp\/v2\/types\/post"}],"author":[{"embeddable":true,"href":"https:\/\/diarioavancetabasco.com\/index.php?rest_route=\/wp\/v2\/users\/2"}],"replies":[{"embeddable":true,"href":"https:\/\/diarioavancetabasco.com\/index.php?rest_route=%2Fwp%2Fv2%2Fcomments&post=488435"}],"version-history":[{"count":1,"href":"https:\/\/diarioavancetabasco.com\/index.php?rest_route=\/wp\/v2\/posts\/488435\/revisions"}],"predecessor-version":[{"id":488438,"href":"https:\/\/diarioavancetabasco.com\/index.php?rest_route=\/wp\/v2\/posts\/488435\/revisions\/488438"}],"wp:featuredmedia":[{"embeddable":true,"href":"https:\/\/diarioavancetabasco.com\/index.php?rest_route=\/wp\/v2\/media\/488436"}],"wp:attachment":[{"href":"https:\/\/diarioavancetabasco.com\/index.php?rest_route=%2Fwp%2Fv2%2Fmedia&parent=488435"}],"wp:term":[{"taxonomy":"category","embeddable":true,"href":"https:\/\/diarioavancetabasco.com\/index.php?rest_route=%2Fwp%2Fv2%2Fcategories&post=488435"},{"taxonomy":"post_tag","embeddable":true,"href":"https:\/\/diarioavancetabasco.com\/index.php?rest_route=%2Fwp%2Fv2%2Ftags&post=488435"}],"curies":[{"name":"wp","href":"https:\/\/api.w.org\/{rel}","templated":true}]}}