{"id":488453,"date":"2025-12-08T00:00:00","date_gmt":"2025-12-08T06:00:00","guid":{"rendered":"https:\/\/diarioavancetabasco.com\/?p=488453"},"modified":"2025-12-07T22:55:15","modified_gmt":"2025-12-08T04:55:15","slug":"hay-ay-y-ahi-suenan-igual-pero-no-son-lo-mismo","status":"publish","type":"post","link":"https:\/\/diarioavancetabasco.com\/?p=488453","title":{"rendered":"Hay, ay y ah\u00ed: Suenan igual, pero no son lo mismo"},"content":{"rendered":"\n<p style=\"font-size:20px\"><strong>Por Felipe Hern\u00e1ndez\/Avance<br><\/strong>Si alguna vez has escrito un mensaje r\u00e1pido y despu\u00e9s te ha asaltado la duda de si llevaba \u201chay\u201d, \u201cay\u201d o \u201cah\u00ed\u201d, no est\u00e1s solo. De hecho, es tan com\u00fan equivocarse que muchos lo hacen sin darse cuenta. Basta leer un chat, un letrero en la calle o un comentario en redes para comprobarlo. Tres palabras cortas, id\u00e9nticas al o\u00eddo, capaces de confundir incluso a quienes presumen de escribir muy bien. Y aunque parecen un acertijo sin soluci\u00f3n, entenderlas es m\u00e1s f\u00e1cil de lo que imaginamos.<br>Empecemos por \u201chay\u201d. Esta palabra se usa cuando queremos decir que algo existe o est\u00e1 presente. Aparece cuando se\u00f1alamos que \u201chay comida lista\u201d, que \u201cno hay tiempo\u201d o que \u201chay un lugar disponible\u201d. Su funci\u00f3n es anunciar existencia, nada m\u00e1s. No habla de sentimientos ni de espacios f\u00edsicos, simplemente informa que algo est\u00e1 o no est\u00e1.<br>Muy distinto ocurre con \u201cay\u201d, una expresi\u00f3n que nace de la emoci\u00f3n. Es la palabra que se nos escapa cuando algo nos sorprende, nos duele o preocupa. \u201cAy, qu\u00e9 susto\u201d, \u201cAy, me torc\u00ed el pie\u201d, \u201cAy, qu\u00e9 bonito\u201d. No pertenece a un razonamiento elaborado, sino a una reacci\u00f3n frente a una situaci\u00f3n.<br>En cambio, \u201cah\u00ed\u201d pertenece a los lugares. Sirve para se\u00f1alar de manera precisa, por ejemplo: \u201cah\u00ed lo dejaste\u201d, \u201cah\u00ed est\u00e1 el problema\u201d, \u201cah\u00ed empieza la fila\u201d. Funciona como un indicador que apunta hacia un punto concreto del espacio, aunque ese punto sea peque\u00f1o, evidente o incluso imaginado.<br>A pesar de que cada una tiene un prop\u00f3sito claro, su pronunciaci\u00f3n casi id\u00e9ntica es la causante del desastre. Sin embargo, basta detenerse un instante para preguntarse qu\u00e9 quiere decir realmente la oraci\u00f3n, pues si la frase habla de existencia, la respuesta es \u201chay\u201d, si muestra un sentimiento o reacci\u00f3n, corresponde \u201cay\u201d y si se\u00f1ala un sitio, entonces es \u201cah\u00ed\u201d.<br>Tambi\u00e9n ayuda leer la frase en voz baja, identificar su intenci\u00f3n y pensar si lo que se quiere comunicar tiene que ver con lo que existe, lo que duele o lo que se encuentra en alg\u00fan lugar. As\u00ed, estas tres palabras, tan breves y parecidas al o\u00eddo, nos dejan ver que escribir bien no es cuesti\u00f3n de suerte, sino de atenci\u00f3n y pr\u00e1ctica.<\/p>\n","protected":false},"excerpt":{"rendered":"<p>Por Felipe Hern\u00e1ndez\/AvanceSi alguna vez has escrito un mensaje r\u00e1pido y despu\u00e9s te ha asaltado la duda de si llevaba \u201chay\u201d, \u201cay\u201d o \u201cah\u00ed\u201d, no est\u00e1s solo. De hecho, es tan com\u00fan equivocarse que muchos lo hacen sin darse cuenta. Basta leer un chat, un letrero en la calle o un comentario en redes para [&hellip;]<\/p>\n","protected":false},"author":2,"featured_media":488454,"comment_status":"closed","ping_status":"closed","sticky":false,"template":"","format":"standard","meta":{"footnotes":""},"categories":[48],"tags":[],"class_list":["post-488453","post","type-post","status-publish","format-standard","has-post-thumbnail","hentry","category-cultura"],"_links":{"self":[{"href":"https:\/\/diarioavancetabasco.com\/index.php?rest_route=\/wp\/v2\/posts\/488453","targetHints":{"allow":["GET"]}}],"collection":[{"href":"https:\/\/diarioavancetabasco.com\/index.php?rest_route=\/wp\/v2\/posts"}],"about":[{"href":"https:\/\/diarioavancetabasco.com\/index.php?rest_route=\/wp\/v2\/types\/post"}],"author":[{"embeddable":true,"href":"https:\/\/diarioavancetabasco.com\/index.php?rest_route=\/wp\/v2\/users\/2"}],"replies":[{"embeddable":true,"href":"https:\/\/diarioavancetabasco.com\/index.php?rest_route=%2Fwp%2Fv2%2Fcomments&post=488453"}],"version-history":[{"count":1,"href":"https:\/\/diarioavancetabasco.com\/index.php?rest_route=\/wp\/v2\/posts\/488453\/revisions"}],"predecessor-version":[{"id":488455,"href":"https:\/\/diarioavancetabasco.com\/index.php?rest_route=\/wp\/v2\/posts\/488453\/revisions\/488455"}],"wp:featuredmedia":[{"embeddable":true,"href":"https:\/\/diarioavancetabasco.com\/index.php?rest_route=\/wp\/v2\/media\/488454"}],"wp:attachment":[{"href":"https:\/\/diarioavancetabasco.com\/index.php?rest_route=%2Fwp%2Fv2%2Fmedia&parent=488453"}],"wp:term":[{"taxonomy":"category","embeddable":true,"href":"https:\/\/diarioavancetabasco.com\/index.php?rest_route=%2Fwp%2Fv2%2Fcategories&post=488453"},{"taxonomy":"post_tag","embeddable":true,"href":"https:\/\/diarioavancetabasco.com\/index.php?rest_route=%2Fwp%2Fv2%2Ftags&post=488453"}],"curies":[{"name":"wp","href":"https:\/\/api.w.org\/{rel}","templated":true}]}}