{"id":488478,"date":"2025-12-08T12:32:16","date_gmt":"2025-12-08T18:32:16","guid":{"rendered":"https:\/\/diarioavancetabasco.com\/?p=488478"},"modified":"2025-12-08T12:32:16","modified_gmt":"2025-12-08T18:32:16","slug":"sheinbaum-en-la-lista-de-las-67-personas-mas-elegantes-de-2025","status":"publish","type":"post","link":"https:\/\/diarioavancetabasco.com\/?p=488478","title":{"rendered":"Sheinbaum en la lista de las 67 personas m\u00e1s elegantes de 2025"},"content":{"rendered":"\n<p style=\"font-size:22px\">The New York Times destacando una de las caracter\u00edsticas que ha hecho parte de su imagen como Presidenta: su vestimenta con bordados creados por manos ind\u00edgenas<\/p>\n\n\n\n<p><strong>Agencia\/Ciudad de M\u00e9xico<\/strong><\/p>\n\n\n\n<p>Desde el inicio de su mandato, la presidenta Claudia Sheinbaum Pardo se convirti\u00f3 en una de las personas m\u00e1s medi\u00e1ticas del pa\u00eds y alcanz\u00f3 el reconocimiento internacional por su liderazgo no solo como la Mandataria de M\u00e9xico, sino por su desarrollo en su rama acad\u00e9mica y sus discursos en favor de las mujeres.<\/p>\n\n\n\n<p>El que Claudia Sheinbaum tenga puestos los ojos de muchos en ella la llev\u00f3 a que en esta ocasi\u00f3n fuera considerada por el diario The New York Times como una de las 67 personas m\u00e1s elegantes de 2025, destacando una de las caracter\u00edsticas que ha hecho parte de su imagen como Presidenta: su vestimenta con bordados creados por manos ind\u00edgenas.<\/p>\n\n\n\n<p>Y es que ya sea en las ya conocidas ma\u00f1aneras o en eventos p\u00fablicos o protocolarios, la Presidenta ha dejado ver que su guardarropa tiene uno de los sellos mexicanos m\u00e1s emblem\u00e1ticos y ancestrales, como lo es el arte del bordado, que ha sabido ser combinado con colores sobrios, elegantes y monocrom\u00e1ticos, dejando resaltar la vivacidad de los coloridos hilos y los dise\u00f1os &#8211; en su mayor\u00eda de flores- que dan dinamismo al atuendo y distinguen el arte y talento mexicano de los artesanos ind\u00edgenas.<\/p>\n\n\n\n<p>Que la presidenta Sheinbaum Pardo aparezca en la lista de las 67 personas m\u00e1s elegantes de 2025 no es de sorprender, pues su imagen ha sido tema de conversaciones e incluso parte de su campa\u00f1a para promoverse como candidata presidencial en 2024, donde su silueta fue su recurso para quedarse en la memoria colectiva, al estilo Alfred Hitchcock.<\/p>\n\n\n\n<p>\u00abEn su primer a\u00f1o en el cargo, la presidenta de M\u00e9xico ha llamado la atenci\u00f3n sobre la moda ind\u00edgena del pa\u00eds al usar ropa bordada y tomar medidas en\u00e9rgicas contra las grandes marcas que imitan a los artesanos locales\u00bb, as\u00ed describe The New York Times la caracter\u00edstica por la que consider\u00f3 a la Mandataria en su lista.<\/p>\n\n\n\n<p>Cabe destacar que, desde antes de ser elegida como Presidenta, Claudia Sheinbaum destac\u00f3 el uso de prendas bordadas por artesanos mexicanos, al portarlas en eventos p\u00fablicos o en su d\u00eda a d\u00eda.<\/p>\n\n\n\n<p>The New York Times hizo referencia a las \u00abmedidas en\u00e9rgicas\u00bb contra las grandes marcas que crean imitaciones de los bordados mexicanos, luego de que firmas de ropa quisieran apropiarse de dise\u00f1os locales, el ejemplo m\u00e1s reciente es cuando Adidas lanz\u00f3 el modelo \u00abOaxaca Slip-On\u00bb, por lo que fue acusada de apropiaci\u00f3n cultural por copiar el dise\u00f1o de los huaraches tradicionales zapotecas de M\u00e9xico.<\/p>\n","protected":false},"excerpt":{"rendered":"<p>The New York Times destacando una de las caracter\u00edsticas que ha hecho parte de su imagen como Presidenta: su vestimenta con bordados creados por manos ind\u00edgenas Agencia\/Ciudad de M\u00e9xico Desde el inicio de su mandato, la presidenta Claudia Sheinbaum Pardo se convirti\u00f3 en una de las personas m\u00e1s medi\u00e1ticas del pa\u00eds y alcanz\u00f3 el reconocimiento [&hellip;]<\/p>\n","protected":false},"author":2,"featured_media":488479,"comment_status":"closed","ping_status":"closed","sticky":false,"template":"","format":"standard","meta":{"footnotes":""},"categories":[62],"tags":[],"class_list":["post-488478","post","type-post","status-publish","format-standard","has-post-thumbnail","hentry","category-el-pais"],"_links":{"self":[{"href":"https:\/\/diarioavancetabasco.com\/index.php?rest_route=\/wp\/v2\/posts\/488478","targetHints":{"allow":["GET"]}}],"collection":[{"href":"https:\/\/diarioavancetabasco.com\/index.php?rest_route=\/wp\/v2\/posts"}],"about":[{"href":"https:\/\/diarioavancetabasco.com\/index.php?rest_route=\/wp\/v2\/types\/post"}],"author":[{"embeddable":true,"href":"https:\/\/diarioavancetabasco.com\/index.php?rest_route=\/wp\/v2\/users\/2"}],"replies":[{"embeddable":true,"href":"https:\/\/diarioavancetabasco.com\/index.php?rest_route=%2Fwp%2Fv2%2Fcomments&post=488478"}],"version-history":[{"count":1,"href":"https:\/\/diarioavancetabasco.com\/index.php?rest_route=\/wp\/v2\/posts\/488478\/revisions"}],"predecessor-version":[{"id":488480,"href":"https:\/\/diarioavancetabasco.com\/index.php?rest_route=\/wp\/v2\/posts\/488478\/revisions\/488480"}],"wp:featuredmedia":[{"embeddable":true,"href":"https:\/\/diarioavancetabasco.com\/index.php?rest_route=\/wp\/v2\/media\/488479"}],"wp:attachment":[{"href":"https:\/\/diarioavancetabasco.com\/index.php?rest_route=%2Fwp%2Fv2%2Fmedia&parent=488478"}],"wp:term":[{"taxonomy":"category","embeddable":true,"href":"https:\/\/diarioavancetabasco.com\/index.php?rest_route=%2Fwp%2Fv2%2Fcategories&post=488478"},{"taxonomy":"post_tag","embeddable":true,"href":"https:\/\/diarioavancetabasco.com\/index.php?rest_route=%2Fwp%2Fv2%2Ftags&post=488478"}],"curies":[{"name":"wp","href":"https:\/\/api.w.org\/{rel}","templated":true}]}}