{"id":488516,"date":"2025-12-09T00:05:00","date_gmt":"2025-12-09T06:05:00","guid":{"rendered":"https:\/\/diarioavancetabasco.com\/?p=488516"},"modified":"2025-12-08T22:27:03","modified_gmt":"2025-12-09T04:27:03","slug":"dia-internacional-contra-el-genocidio","status":"publish","type":"post","link":"https:\/\/diarioavancetabasco.com\/?p=488516","title":{"rendered":"D\u00eda Internacional contra el genocidio"},"content":{"rendered":"\n<p><strong>Por Felipe Hern\u00e1ndez\/Avance<br><\/strong><\/p>\n\n\n\n<p>Cada nueve de diciembre, el mundo se une para reflexionar sobre un tema dif\u00edcil, pero necesario, el genocidio. Aunque es una palabra que puede causar incomodidad, entender su significado nos ayuda a reconocer los peligros de la intolerancia y el odio. Por eso existe el D\u00eda Internacional contra el Genocidio, una fecha pensada para abrir los ojos, sacudir conciencias y recordarnos que la humanidad no puede permitirse repetir los errores m\u00e1s oscuros de su historia.<br>Esta conmemoraci\u00f3n fue establecida por la Organizaci\u00f3n de las Naciones Unidas (ONU) en 2015, pero su origen es mucho m\u00e1s antiguo, pues la fecha coincide con el aniversario de la aprobaci\u00f3n de la Convenci\u00f3n para la Prevenci\u00f3n y Sanci\u00f3n del Delito de Genocidio, firmada en 1948, justo despu\u00e9s de que el mundo presenciara los cr\u00edmenes cometidos durante la Segunda Guerra Mundial, especialmente el Holocausto. Aquella tragedia dej\u00f3 claro que el odio organizado puede volverse una m\u00e1quina de destrucci\u00f3n masiva, por eso la ONU decidi\u00f3 dedicar un d\u00eda exclusivamente a recordar ese compromiso global: actuar antes de que el mal avance.<br>Este d\u00eda tambi\u00e9n se enfoca en explicar c\u00f3mo surge el genocidio, pues este no empieza con armas, sino con ideas. Inicia cuando un grupo es se\u00f1alado como diferente, peligroso o inferior, poco a poco, esa narrativa se convierte en exclusi\u00f3n, luego en violencia y finalmente en un intento por borrar su existencia. Entender este proceso ayuda a que ni\u00f1os, j\u00f3venes o adultos puedan identificar las se\u00f1ales tempranas y rechazar actitudes que alimentan la divisi\u00f3n.<br>En torno a esta fecha se realizan diversas actividades que buscan generar conocimiento. Escuelas, organizaciones y gobiernos difunden informaci\u00f3n accesible, organizan conversatorios y promueven acciones para fortalecer la cultura de paz. La prevenci\u00f3n del genocidio es un esfuerzo que involucra tanto a las instituciones como a la sociedad.<br>Aunque parezca un tema duro, el D\u00eda Internacional contra el Genocidio tiene una intenci\u00f3n profundamente esperanzadora, el recordarnos que siempre hay algo que podemos hacer para evitar que la historia se repita. Cuando una sociedad decide respetar, escuchar y proteger a los dem\u00e1s, se vuelve m\u00e1s fuerte. Y es justo ese mensaje el que esta fecha quiere dejar grabado en cada persona, nunca m\u00e1s permitir que el odio tenga la \u00faltima palabra.<\/p>\n","protected":false},"excerpt":{"rendered":"<p>Por Felipe Hern\u00e1ndez\/Avance Cada nueve de diciembre, el mundo se une para reflexionar sobre un tema dif\u00edcil, pero necesario, el genocidio. Aunque es una palabra que puede causar incomodidad, entender su significado nos ayuda a reconocer los peligros de la intolerancia y el odio. Por eso existe el D\u00eda Internacional contra el Genocidio, una fecha [&hellip;]<\/p>\n","protected":false},"author":2,"featured_media":488517,"comment_status":"closed","ping_status":"closed","sticky":false,"template":"","format":"standard","meta":{"footnotes":""},"categories":[17],"tags":[],"class_list":["post-488516","post","type-post","status-publish","format-standard","has-post-thumbnail","hentry","category-de-interes"],"_links":{"self":[{"href":"https:\/\/diarioavancetabasco.com\/index.php?rest_route=\/wp\/v2\/posts\/488516","targetHints":{"allow":["GET"]}}],"collection":[{"href":"https:\/\/diarioavancetabasco.com\/index.php?rest_route=\/wp\/v2\/posts"}],"about":[{"href":"https:\/\/diarioavancetabasco.com\/index.php?rest_route=\/wp\/v2\/types\/post"}],"author":[{"embeddable":true,"href":"https:\/\/diarioavancetabasco.com\/index.php?rest_route=\/wp\/v2\/users\/2"}],"replies":[{"embeddable":true,"href":"https:\/\/diarioavancetabasco.com\/index.php?rest_route=%2Fwp%2Fv2%2Fcomments&post=488516"}],"version-history":[{"count":1,"href":"https:\/\/diarioavancetabasco.com\/index.php?rest_route=\/wp\/v2\/posts\/488516\/revisions"}],"predecessor-version":[{"id":488518,"href":"https:\/\/diarioavancetabasco.com\/index.php?rest_route=\/wp\/v2\/posts\/488516\/revisions\/488518"}],"wp:featuredmedia":[{"embeddable":true,"href":"https:\/\/diarioavancetabasco.com\/index.php?rest_route=\/wp\/v2\/media\/488517"}],"wp:attachment":[{"href":"https:\/\/diarioavancetabasco.com\/index.php?rest_route=%2Fwp%2Fv2%2Fmedia&parent=488516"}],"wp:term":[{"taxonomy":"category","embeddable":true,"href":"https:\/\/diarioavancetabasco.com\/index.php?rest_route=%2Fwp%2Fv2%2Fcategories&post=488516"},{"taxonomy":"post_tag","embeddable":true,"href":"https:\/\/diarioavancetabasco.com\/index.php?rest_route=%2Fwp%2Fv2%2Ftags&post=488516"}],"curies":[{"name":"wp","href":"https:\/\/api.w.org\/{rel}","templated":true}]}}