{"id":488567,"date":"2025-12-09T15:58:37","date_gmt":"2025-12-09T21:58:37","guid":{"rendered":"https:\/\/diarioavancetabasco.com\/?p=488567"},"modified":"2025-12-09T15:58:37","modified_gmt":"2025-12-09T21:58:37","slug":"la-ujat-aporta-53-nuevos-enfermeros-especialistas-gno","status":"publish","type":"post","link":"https:\/\/diarioavancetabasco.com\/?p=488567","title":{"rendered":"La UJAT aporta 53 nuevos enfermeros especialistas: GNO"},"content":{"rendered":"\n<p><strong>Redacci\u00f3n\/Avance<\/strong><\/p>\n\n\n\n<p style=\"line-height:1.5\">La Universidad Ju\u00e1rez Aut\u00f3noma de Tabasco (UJAT) a trav\u00e9s de la Divisi\u00f3n<\/p>\n\n\n\n<p style=\"line-height:1.5\">Acad\u00e9mica de Ciencias de la Salud (DACS), incorporar\u00e1 a 53 nuevos enfermeros<\/p>\n\n\n\n<p style=\"line-height:1.5\">especialistas al sistema de salud, profesionales con una fuerte vocaci\u00f3n de servicio a la<\/p>\n\n\n\n<p style=\"line-height:1.5\">sociedad, listos para atender a pacientes en etapas quir\u00fargicas y de cuidados intensivos.<\/p>\n\n\n\n<p style=\"line-height:1.5\">As\u00ed lo dio a conocer el rector de la UJAT, Guillermo Narv\u00e1ez Osorio, durante la<\/p>\n\n\n\n<p style=\"line-height:1.5\">ceremonia de entrega de diplomas de la Especialidad en Enfermer\u00eda en Cuidados<\/p>\n\n\n\n<p style=\"line-height:1.5\">Intensivos y la Especialidad en Enfermer\u00eda Quir\u00fargica, organizada por la Coordinaci\u00f3n<\/p>\n\n\n\n<p style=\"line-height:1.5\">de Investigaci\u00f3n y Posgrado de la DACS en el auditorio del CIVE.<\/p>\n\n\n\n<p style=\"line-height:1.5\">Acompa\u00f1ado por la directora de la DACS, Mirian Carolina Mart\u00ednez L\u00f3pez, autoridades<\/p>\n\n\n\n<p style=\"line-height:1.5\">estatales y universitarias, el rector encabez\u00f3 la entrega de Diplomas, que fue<\/p>\n\n\n\n<p style=\"line-height:1.5\">acompa\u00f1ada por la lectura del C\u00f3digo de Bio\u00e9tica y toma de protesta dirigida por la<\/p>\n\n\n\n<p style=\"line-height:1.5\">profesora de los programas educativos de Especialidades, Mar\u00eda Asunci\u00f3n Ram\u00edrez<\/p>\n\n\n\n<p style=\"line-height:1.5\">Fr\u00edas, reafirmando el compromiso \u00e9tico que guiar\u00e1 el ejercicio profesional de los nuevos<\/p>\n\n\n\n<p style=\"line-height:1.5\">especialistas.<\/p>\n\n\n\n<p style=\"line-height:1.5\">En su mensaje, Narv\u00e1ez Osorio, reconoci\u00f3 la disciplina, sensibilidad y compromiso de<\/p>\n\n\n\n<p style=\"line-height:1.5\">los nuevos especialistas, al se\u00f1alar que la enfermer\u00eda especializada es un pilar de la<\/p>\n\n\n\n<p style=\"line-height:1.5\">calidad hospitalaria.<\/p>\n\n\n\n<p style=\"line-height:1.5\">Subray\u00f3 que quienes se forman en cuidados intensivos requieren no solo altos<\/p>\n\n\n\n<p style=\"line-height:1.5\">conocimientos t\u00e9cnicos, sino tambi\u00e9n fortaleza emocional para enfrentar escenarios<\/p>\n\n\n\n<p style=\"line-height:1.5\">donde la vida se debate en probabilidades reducidas; mientras que los profesionales en<\/p>\n\n\n\n<p style=\"line-height:1.5\">enfermer\u00eda quir\u00fargica, dijo, desempe\u00f1an funciones que no admiten margen de error,<\/p>\n\n\n\n<p style=\"line-height:1.5\">pues cada decisi\u00f3n puede significar la vida o la muerte del paciente.<\/p>\n\n\n\n<p style=\"line-height:1.5\">A su vez, la directora de la DACS, Mirian Carolina Mart\u00ednez L\u00f3pez, destac\u00f3 que los 26<\/p>\n\n\n\n<p style=\"line-height:1.5\">egresados de Cuidados Intensivos y los 27 de Enfermer\u00eda Quir\u00fargica, concluyeron su<\/p>\n\n\n\n<p style=\"line-height:1.5\">formaci\u00f3n mediante tesis, tesinas o examen general de conocimientos con publicaci\u00f3n<\/p>\n\n\n\n<p style=\"line-height:1.5\">de estudios de caso.<\/p>\n\n\n\n<p style=\"line-height:1.5\">Record\u00f3 que la Especialidad en Cuidados Intensivos surgi\u00f3 como una respuesta<\/p>\n\n\n\n<p style=\"line-height:1.5\">necesaria ante la creciente complejidad del manejo del paciente cr\u00edtico, integrando<\/p>\n\n\n\n<p style=\"line-height:1.5\">competencias en soporte vital avanzado, monitoreo hemodin\u00e1mico y uso de tecnolog\u00edas<\/p>\n\n\n\n<p style=\"line-height:1.5\">biom\u00e9dicas, mientras que la especialidad quir\u00fargica refuerza habilidades fundamentales<\/p>\n\n\n\n<p style=\"line-height:1.5\">para garantizar intervenciones seguras.<\/p>\n\n\n\n<p style=\"line-height:1.5\">El acto incluy\u00f3 tambi\u00e9n el mensaje estudiantil de Mariana Loera Maldonado,<\/p>\n\n\n\n<p style=\"line-height:1.5\">representante de la Especialidad en Enfermer\u00eda en Cuidados Intensivos, quien enfatiz\u00f3<\/p>\n\n\n\n<p style=\"line-height:1.5\">que los egresados dejan de ser espectadores del cuidado para convertirse en \u201cguardianes<\/p>\n\n\n\n<p style=\"line-height:1.5\">de la vida\u201d en los momentos m\u00e1s decisivos.<\/p>\n\n\n\n<p style=\"line-height:1.5\">Agradeci\u00f3 a la UJAT, al cuerpo docente, a las instituciones de salud que los acogieron y<\/p>\n\n\n\n<p style=\"line-height:1.5\">a las familias que sostuvieron su camino formativo, reconociendo que detr\u00e1s de cada<\/p>\n\n\n\n<p style=\"line-height:1.5\">paciente existe una historia que demanda respeto, dignidad y esperanza.<\/p>\n","protected":false},"excerpt":{"rendered":"<p>Redacci\u00f3n\/Avance La Universidad Ju\u00e1rez Aut\u00f3noma de Tabasco (UJAT) a trav\u00e9s de la Divisi\u00f3n Acad\u00e9mica de Ciencias de la Salud (DACS), incorporar\u00e1 a 53 nuevos enfermeros especialistas al sistema de salud, profesionales con una fuerte vocaci\u00f3n de servicio a la sociedad, listos para atender a pacientes en etapas quir\u00fargicas y de cuidados intensivos. As\u00ed lo dio [&hellip;]<\/p>\n","protected":false},"author":2,"featured_media":488568,"comment_status":"closed","ping_status":"closed","sticky":false,"template":"","format":"standard","meta":{"footnotes":""},"categories":[57],"tags":[],"class_list":["post-488567","post","type-post","status-publish","format-standard","has-post-thumbnail","hentry","category-local"],"_links":{"self":[{"href":"https:\/\/diarioavancetabasco.com\/index.php?rest_route=\/wp\/v2\/posts\/488567","targetHints":{"allow":["GET"]}}],"collection":[{"href":"https:\/\/diarioavancetabasco.com\/index.php?rest_route=\/wp\/v2\/posts"}],"about":[{"href":"https:\/\/diarioavancetabasco.com\/index.php?rest_route=\/wp\/v2\/types\/post"}],"author":[{"embeddable":true,"href":"https:\/\/diarioavancetabasco.com\/index.php?rest_route=\/wp\/v2\/users\/2"}],"replies":[{"embeddable":true,"href":"https:\/\/diarioavancetabasco.com\/index.php?rest_route=%2Fwp%2Fv2%2Fcomments&post=488567"}],"version-history":[{"count":1,"href":"https:\/\/diarioavancetabasco.com\/index.php?rest_route=\/wp\/v2\/posts\/488567\/revisions"}],"predecessor-version":[{"id":488569,"href":"https:\/\/diarioavancetabasco.com\/index.php?rest_route=\/wp\/v2\/posts\/488567\/revisions\/488569"}],"wp:featuredmedia":[{"embeddable":true,"href":"https:\/\/diarioavancetabasco.com\/index.php?rest_route=\/wp\/v2\/media\/488568"}],"wp:attachment":[{"href":"https:\/\/diarioavancetabasco.com\/index.php?rest_route=%2Fwp%2Fv2%2Fmedia&parent=488567"}],"wp:term":[{"taxonomy":"category","embeddable":true,"href":"https:\/\/diarioavancetabasco.com\/index.php?rest_route=%2Fwp%2Fv2%2Fcategories&post=488567"},{"taxonomy":"post_tag","embeddable":true,"href":"https:\/\/diarioavancetabasco.com\/index.php?rest_route=%2Fwp%2Fv2%2Ftags&post=488567"}],"curies":[{"name":"wp","href":"https:\/\/api.w.org\/{rel}","templated":true}]}}