{"id":488612,"date":"2025-12-10T09:45:26","date_gmt":"2025-12-10T15:45:26","guid":{"rendered":"https:\/\/diarioavancetabasco.com\/?p=488612"},"modified":"2025-12-10T09:45:26","modified_gmt":"2025-12-10T15:45:26","slug":"hoy-se-celebra-el-dia-del-fisico","status":"publish","type":"post","link":"https:\/\/diarioavancetabasco.com\/?p=488612","title":{"rendered":"Hoy se celebra el D\u00eda del F\u00edsico"},"content":{"rendered":"\n<p style=\"font-size:22px\">En M\u00e9xico la disciplina tiene ra\u00edces firmes. Programas universitarios surgidos en la segunda mitad del siglo XX, documentados por el Instituto de F\u00edsica de la UNAM, abrieron paso a generaciones de investigadores<\/p>\n\n\n\n<p><strong>David Morales\/Avance<\/strong><\/p>\n\n\n\n<p>El diez de diciembre se ocupa en facultades y sociedades cient\u00edficas como momento para reconocer el trabajo de las y los f\u00edsicos, una actividad que coincide con el aniversario de los Premios Nobel entregados por primera vez en 1901, seg\u00fan los archivos de la Real Academia Sueca de Ciencias. La fecha, aunque no es una efem\u00e9ride oficial, funciona como recordatorio del impacto que la f\u00edsica ha tenido en la comprensi\u00f3n del mundo desde la publicaci\u00f3n de los Principia Mathematica de Newton en 1687, documentos preservados por la Royal Society que marcaron el inicio de la ciencia moderna.<\/p>\n\n\n\n<p>El impulso que dio el siglo XX, con la relatividad desarrollada por Albert Einstein \u2014registrada en los archivos de la Academia de Ciencias de Prusia\u2014 y la mec\u00e1nica cu\u00e1ntica trabajada por Planck, Bohr y Heisenberg, sigue siendo base para la investigaci\u00f3n contempor\u00e1nea. Instituciones como el CERN, la NASA o universidades dedicadas a la f\u00edsica te\u00f3rica y aplicada contin\u00faan ampliando campos como part\u00edculas elementales, astrof\u00edsica, materiales avanzados, \u00f3ptica o computaci\u00f3n cu\u00e1ntica.<\/p>\n\n\n\n<p>En M\u00e9xico la disciplina tiene ra\u00edces firmes. Programas universitarios surgidos en la segunda mitad del siglo XX, documentados por el Instituto de F\u00edsica de la UNAM, abrieron paso a generaciones de investigadores que hoy participan activamente en proyectos internacionales. Entre las figuras contempor\u00e1neas destacan:<\/p>\n\n\n\n<p><strong>Gerardo Herrera Corral<\/strong>, f\u00edsico mexicano vinculado al Cinvestav e integrante de colaboraciones del CERN, especialmente en el experimento ALICE, donde se estudia materia en condiciones extremas similares a las del universo temprano. Sus contribuciones est\u00e1n registradas en publicaciones cient\u00edficas del CERN y revistas acad\u00e9micas de f\u00edsica de altas energ\u00edas.<\/p>\n\n\n\n<p><strong>Julieta Fierro<\/strong>, investigadora del Instituto de Astronom\u00eda de la UNAM, reconocida por su trabajo en divulgaci\u00f3n cient\u00edfica respaldado por instituciones como la Academia Mexicana de Ciencias, adem\u00e1s de sus aportes en astrof\u00edsica y educaci\u00f3n cient\u00edfica.<\/p>\n\n\n\n<p><strong>Arturo Menchaca Rocha<\/strong>, f\u00edsico experimental y expresidente de la Academia Mexicana de Ciencias, cuyos trabajos en f\u00edsica nuclear y en la detecci\u00f3n de radiaci\u00f3n ionizante est\u00e1n documentados en investigaciones universitarias y en repositorios acad\u00e9micos.<\/p>\n\n\n\n<p><strong>Antonio del R\u00edo,<\/strong> f\u00edsico del Instituto de Energ\u00edas Renovables de la UNAM, con l\u00edneas de investigaci\u00f3n en materiales y energ\u00eda solar, campos ampliamente estudiados en centros de ingenier\u00eda f\u00edsica y ciencias de materiales.<\/p>\n\n\n\n<p><strong>Mar\u00eda Elena \u00c1lvarez-Buylla,<\/strong> aunque m\u00e1s conocida por su trabajo biol\u00f3gico, cuenta con una formaci\u00f3n s\u00f3lida en modelos matem\u00e1ticos y f\u00edsicos aplicados a sistemas complejos, documentada en publicaciones cient\u00edficas sobre din\u00e1mica de poblaciones y desarrollo vegetal.<\/p>\n\n\n\n<p>Estos nombres representan s\u00f3lo una parte de una comunidad m\u00e1s amplia dedicada a la f\u00edsica experimental, te\u00f3rica, \u00f3ptica, materiales o astrof\u00edsica en instituciones como el Cinvestav, el Instituto Nacional de Astrof\u00edsica, \u00d3ptica y Electr\u00f3nica, el Instituto de F\u00edsica de la UNAM y grupos universitarios en estados del pa\u00eds.<\/p>\n\n\n\n<p>El diez de diciembre recuerda que la f\u00edsica no s\u00f3lo busca explicaciones al funcionamiento profundo del universo. Tambi\u00e9n genera tecnolog\u00edas que sostienen la vida cotidiana, desde telecomunicaciones hasta medicina, y forma profesionales capaces de transformar fen\u00f3menos abstractos en soluciones reales. Una fecha simb\u00f3lica que reconoce a quienes, desde laboratorios y aulas, ayudan a comprender el mundo y a proyectar el futuro.<\/p>\n","protected":false},"excerpt":{"rendered":"<p>En M\u00e9xico la disciplina tiene ra\u00edces firmes. Programas universitarios surgidos en la segunda mitad del siglo XX, documentados por el Instituto de F\u00edsica de la UNAM, abrieron paso a generaciones de investigadores David Morales\/Avance El diez de diciembre se ocupa en facultades y sociedades cient\u00edficas como momento para reconocer el trabajo de las y los [&hellip;]<\/p>\n","protected":false},"author":2,"featured_media":488613,"comment_status":"closed","ping_status":"closed","sticky":false,"template":"","format":"standard","meta":{"footnotes":""},"categories":[17],"tags":[],"class_list":["post-488612","post","type-post","status-publish","format-standard","has-post-thumbnail","hentry","category-de-interes"],"_links":{"self":[{"href":"https:\/\/diarioavancetabasco.com\/index.php?rest_route=\/wp\/v2\/posts\/488612","targetHints":{"allow":["GET"]}}],"collection":[{"href":"https:\/\/diarioavancetabasco.com\/index.php?rest_route=\/wp\/v2\/posts"}],"about":[{"href":"https:\/\/diarioavancetabasco.com\/index.php?rest_route=\/wp\/v2\/types\/post"}],"author":[{"embeddable":true,"href":"https:\/\/diarioavancetabasco.com\/index.php?rest_route=\/wp\/v2\/users\/2"}],"replies":[{"embeddable":true,"href":"https:\/\/diarioavancetabasco.com\/index.php?rest_route=%2Fwp%2Fv2%2Fcomments&post=488612"}],"version-history":[{"count":1,"href":"https:\/\/diarioavancetabasco.com\/index.php?rest_route=\/wp\/v2\/posts\/488612\/revisions"}],"predecessor-version":[{"id":488614,"href":"https:\/\/diarioavancetabasco.com\/index.php?rest_route=\/wp\/v2\/posts\/488612\/revisions\/488614"}],"wp:featuredmedia":[{"embeddable":true,"href":"https:\/\/diarioavancetabasco.com\/index.php?rest_route=\/wp\/v2\/media\/488613"}],"wp:attachment":[{"href":"https:\/\/diarioavancetabasco.com\/index.php?rest_route=%2Fwp%2Fv2%2Fmedia&parent=488612"}],"wp:term":[{"taxonomy":"category","embeddable":true,"href":"https:\/\/diarioavancetabasco.com\/index.php?rest_route=%2Fwp%2Fv2%2Fcategories&post=488612"},{"taxonomy":"post_tag","embeddable":true,"href":"https:\/\/diarioavancetabasco.com\/index.php?rest_route=%2Fwp%2Fv2%2Ftags&post=488612"}],"curies":[{"name":"wp","href":"https:\/\/api.w.org\/{rel}","templated":true}]}}