{"id":488618,"date":"2025-12-10T09:50:38","date_gmt":"2025-12-10T15:50:38","guid":{"rendered":"https:\/\/diarioavancetabasco.com\/?p=488618"},"modified":"2025-12-10T09:50:38","modified_gmt":"2025-12-10T15:50:38","slug":"10-de-diciembre-dia-de-los-derechos-humanos","status":"publish","type":"post","link":"https:\/\/diarioavancetabasco.com\/?p=488618","title":{"rendered":"10 de diciembre: D\u00eda de los Derechos Humanos"},"content":{"rendered":"\n<p style=\"font-size:22px\">Archivos de la ONU y documentos del Alto Comisionado describen aquel texto como un punto de partida para crear un sistema normativo global capaz de frenar los abusos que marcaron la primera mitad del siglo XX<\/p>\n\n\n\n<p><strong>David Morales\/Avance<\/strong><\/p>\n\n\n\n<p>El diez de diciembre se recuerda la aprobaci\u00f3n de la Declaraci\u00f3n Universal de los Derechos Humanos, adoptada por la Asamblea General de Naciones Unidas en 1948 y reconocida en 1950 como efem\u00e9ride oficial. Archivos de la ONU y documentos del Alto Comisionado describen aquel texto como un punto de partida para crear un sistema normativo global capaz de frenar los abusos que marcaron la primera mitad del siglo XX. La Declaraci\u00f3n integr\u00f3 tradiciones jur\u00eddicas de diversas regiones del mundo y abri\u00f3 la puerta al desarrollo posterior de tratados vinculantes que hoy sustentan est\u00e1ndares internacionales en materia de libertad, igualdad y justicia.<\/p>\n\n\n\n<p>A nivel acad\u00e9mico, la Declaraci\u00f3n ha sido estudiada de manera amplia en escuelas de derecho y centros de investigaci\u00f3n que analizan c\u00f3mo estos principios se transformaron en obligaciones estatales. Estudios universitarios se\u00f1alan que la adopci\u00f3n del documento impuls\u00f3 la creaci\u00f3n de pol\u00edticas p\u00fablicas orientadas a la no discriminaci\u00f3n, la protecci\u00f3n jur\u00eddica y la ampliaci\u00f3n de derechos civiles y sociales.<\/p>\n\n\n\n<p>En M\u00e9xico la fecha se integra al calendario institucional a trav\u00e9s de la Comisi\u00f3n Nacional de los Derechos Humanos, que retoma los valores de 1948 para promover educaci\u00f3n jur\u00eddica, prevenci\u00f3n de violaciones y atenci\u00f3n a grupos vulnerables. El marco constitucional mexicano reconoce, adem\u00e1s, la fuerza jur\u00eddica de los tratados internacionales, lo que sit\u00faa a los estados del pa\u00eds dentro de ese sistema de protecci\u00f3n.<\/p>\n\n\n\n<p>En Tabasco, el organismo responsable de velar por esos principios es la Comisi\u00f3n Estatal de Derechos Humanos. Su existencia est\u00e1 documentada en la legislaci\u00f3n estatal como parte del sistema nacional de comisiones p\u00fablicas. Si bien los estudios jur\u00eddicos coinciden en que el dise\u00f1o institucional cumple con los est\u00e1ndares b\u00e1sicos \u2014recepci\u00f3n de quejas, emisi\u00f3n de recomendaciones, vigilancia ante autoridades\u2014, la evaluaci\u00f3n de sus avances recientes enfrenta un l\u00edmite claro. Durante la revisi\u00f3n de documentaci\u00f3n p\u00fablica no fue posible localizar informes actualizados que muestren estad\u00edsticas de quejas, cumplimiento de recomendaciones o diagn\u00f3sticos sobre la situaci\u00f3n estatal, lo que evidencia un vac\u00edo de informaci\u00f3n. La falta de informes accesibles en l\u00ednea sugiere que, aunque el mecanismo de protecci\u00f3n existe, la transparencia respecto de su desempe\u00f1o es limitada.<\/p>\n\n\n\n<p>Este panorama no invalida el trabajo que pueda realizarse, pero s\u00ed subraya la necesidad de fortalecer la disponibilidad de informaci\u00f3n para medir avances en temas como acceso a servicios, justicia, igualdad de trato o protecci\u00f3n de grupos vulnerables. El D\u00eda de los Derechos Humanos invita, adem\u00e1s, a reconocer que la vigencia de estos principios depende tanto de las instituciones como de una cultura ciudadana informada, capaz de exigir respuestas y de participar en la construcci\u00f3n de espacios m\u00e1s justos.<\/p>\n\n\n\n<p>La conmemoraci\u00f3n del diez de diciembre recuerda que los derechos humanos no son un concepto abstracto: son compromisos cotidianos que se traducen en el trato a las personas, en la administraci\u00f3n p\u00fablica y en la transparencia. Y que, en regiones como Tabasco, avanzar en ellos exige no s\u00f3lo marcos legales, sino claridad, acceso a la informaci\u00f3n y voluntad para convertir los principios en acciones verificables.<\/p>\n","protected":false},"excerpt":{"rendered":"<p>Archivos de la ONU y documentos del Alto Comisionado describen aquel texto como un punto de partida para crear un sistema normativo global capaz de frenar los abusos que marcaron la primera mitad del siglo XX David Morales\/Avance El diez de diciembre se recuerda la aprobaci\u00f3n de la Declaraci\u00f3n Universal de los Derechos Humanos, adoptada [&hellip;]<\/p>\n","protected":false},"author":2,"featured_media":488619,"comment_status":"closed","ping_status":"closed","sticky":false,"template":"","format":"standard","meta":{"footnotes":""},"categories":[17],"tags":[],"class_list":["post-488618","post","type-post","status-publish","format-standard","has-post-thumbnail","hentry","category-de-interes"],"_links":{"self":[{"href":"https:\/\/diarioavancetabasco.com\/index.php?rest_route=\/wp\/v2\/posts\/488618","targetHints":{"allow":["GET"]}}],"collection":[{"href":"https:\/\/diarioavancetabasco.com\/index.php?rest_route=\/wp\/v2\/posts"}],"about":[{"href":"https:\/\/diarioavancetabasco.com\/index.php?rest_route=\/wp\/v2\/types\/post"}],"author":[{"embeddable":true,"href":"https:\/\/diarioavancetabasco.com\/index.php?rest_route=\/wp\/v2\/users\/2"}],"replies":[{"embeddable":true,"href":"https:\/\/diarioavancetabasco.com\/index.php?rest_route=%2Fwp%2Fv2%2Fcomments&post=488618"}],"version-history":[{"count":1,"href":"https:\/\/diarioavancetabasco.com\/index.php?rest_route=\/wp\/v2\/posts\/488618\/revisions"}],"predecessor-version":[{"id":488620,"href":"https:\/\/diarioavancetabasco.com\/index.php?rest_route=\/wp\/v2\/posts\/488618\/revisions\/488620"}],"wp:featuredmedia":[{"embeddable":true,"href":"https:\/\/diarioavancetabasco.com\/index.php?rest_route=\/wp\/v2\/media\/488619"}],"wp:attachment":[{"href":"https:\/\/diarioavancetabasco.com\/index.php?rest_route=%2Fwp%2Fv2%2Fmedia&parent=488618"}],"wp:term":[{"taxonomy":"category","embeddable":true,"href":"https:\/\/diarioavancetabasco.com\/index.php?rest_route=%2Fwp%2Fv2%2Fcategories&post=488618"},{"taxonomy":"post_tag","embeddable":true,"href":"https:\/\/diarioavancetabasco.com\/index.php?rest_route=%2Fwp%2Fv2%2Ftags&post=488618"}],"curies":[{"name":"wp","href":"https:\/\/api.w.org\/{rel}","templated":true}]}}