{"id":488621,"date":"2025-12-10T10:37:27","date_gmt":"2025-12-10T16:37:27","guid":{"rendered":"https:\/\/diarioavancetabasco.com\/?p=488621"},"modified":"2025-12-10T10:37:27","modified_gmt":"2025-12-10T16:37:27","slug":"la-pasion-de-cristo-de-iztapalapa-el-mayor-viacrucis-de-mexico-en-la-lista-representativa-del-patrimonio-cultural-inmaterial-de-la-humanidad","status":"publish","type":"post","link":"https:\/\/diarioavancetabasco.com\/?p=488621","title":{"rendered":"La Pasi\u00f3n de Cristo de Iztapalapa, el mayor viacrucis de M\u00e9xico, en la Lista Representativa del Patrimonio Cultural Inmaterial de la Humanidad"},"content":{"rendered":"\n<p style=\"font-size:22px\">M\u00e9xico defendi\u00f3 ante la Unesco que la tradici\u00f3n ha sabido evolucionar, integrando en sus estatutos principios de igualdad de g\u00e9nero y derechos humanos<\/p>\n\n\n\n<p><strong>Agencia\/Nueva Delhi<\/strong><\/p>\n\n\n\n<p>La Unesco inscribi\u00f3 este mi\u00e9rcoles la Representaci\u00f3n de la Pasi\u00f3n, Muerte y Resurrecci\u00f3n de Cristo de Iztapalapa en su Lista Representativa del Patrimonio Cultural Inmaterial de la Humanidad, otorgando estatus global al mayor viacrucis de M\u00e9xico.<\/p>\n\n\n\n<p>\u00abSe trata de una manifestaci\u00f3n que trasciende lo religioso. Es un acto de unidad, fe, resiliencia, que convoca a miles de personas en un ejercicio colectivo de memoria, identidad y participaci\u00f3n\u00bb, dijo la subdirectora de Patrimonio Inmaterial de M\u00e9xico, Edaly Quiroz, durante la vig\u00e9sima reuni\u00f3n del Comit\u00e9 Intergubernamental de la Unesco que se celebra en Nueva Delhi.<\/p>\n\n\n\n<p>La celebraci\u00f3n moviliza cada a\u00f1o a los ocho barrios originarios de Iztapalapa, una demarcaci\u00f3n del oriente de Ciudad de M\u00e9xico, donde los vecinos transforman el espacio urbano en escenarios b\u00edblicos para escenificar los episodios del Nuevo Testamento.<\/p>\n\n\n\n<p>Se trata de la representaci\u00f3n de Semana Santa m\u00e1s multitudinaria del pa\u00eds y una de las mayores concentraciones religiosas de Am\u00e9rica Latina. En 2024 reuni\u00f3 a m\u00e1s de 1.4 millones de asistentes y, en ediciones previas a la pandemia, lleg\u00f3 a superar los dos millones de personas en las calles.<\/p>\n\n\n\n<p>Esta tradici\u00f3n naci\u00f3 en 1833 como un voto comunitario para pedir el fin de una epidemia de c\u00f3lera que diezmaba a la poblaci\u00f3n. Una d\u00e9cada despu\u00e9s se formaliz\u00f3 aquel compromiso con la primera puesta en escena, iniciando en 1843 un ciclo que acumula ya m\u00e1s de 180 a\u00f1os de historia ininterrumpida.<\/p>\n\n\n\n<p>Iztapalapa, una alcald\u00eda hist\u00f3ricamente marcada por desaf\u00edos de seguridad y densidad demogr\u00e1fica, encuentra en el viacrucis su principal motor de cohesi\u00f3n social.<\/p>\n\n\n\n<p>M\u00e9xico defendi\u00f3 ante la Unesco que la tradici\u00f3n ha sabido evolucionar, integrando en sus estatutos principios de igualdad de g\u00e9nero y derechos humanos. El plan de salvaguardia aprobado contempla reforzar los archivos hist\u00f3ricos y consolidar al Comit\u00e9 Organizador de la Semana Santa en Iztapalapa (COSSIAC) como el \u00f3rgano rector leg\u00edtimo de la celebraci\u00f3n.<\/p>\n\n\n\n<p>Con esta inscripci\u00f3n, la Pasi\u00f3n de Iztapalapa se suma a expresiones ic\u00f3nicas como la cocina tradicional, el D\u00eda de Muertos, el mariachi o el bolero, ampliando el cat\u00e1logo de manifestaciones mexicanas reconocidas por el organismo internacional.<\/p>\n","protected":false},"excerpt":{"rendered":"<p>M\u00e9xico defendi\u00f3 ante la Unesco que la tradici\u00f3n ha sabido evolucionar, integrando en sus estatutos principios de igualdad de g\u00e9nero y derechos humanos Agencia\/Nueva Delhi La Unesco inscribi\u00f3 este mi\u00e9rcoles la Representaci\u00f3n de la Pasi\u00f3n, Muerte y Resurrecci\u00f3n de Cristo de Iztapalapa en su Lista Representativa del Patrimonio Cultural Inmaterial de la Humanidad, otorgando estatus [&hellip;]<\/p>\n","protected":false},"author":2,"featured_media":488622,"comment_status":"closed","ping_status":"closed","sticky":false,"template":"","format":"standard","meta":{"footnotes":""},"categories":[48],"tags":[],"class_list":["post-488621","post","type-post","status-publish","format-standard","has-post-thumbnail","hentry","category-cultura"],"_links":{"self":[{"href":"https:\/\/diarioavancetabasco.com\/index.php?rest_route=\/wp\/v2\/posts\/488621","targetHints":{"allow":["GET"]}}],"collection":[{"href":"https:\/\/diarioavancetabasco.com\/index.php?rest_route=\/wp\/v2\/posts"}],"about":[{"href":"https:\/\/diarioavancetabasco.com\/index.php?rest_route=\/wp\/v2\/types\/post"}],"author":[{"embeddable":true,"href":"https:\/\/diarioavancetabasco.com\/index.php?rest_route=\/wp\/v2\/users\/2"}],"replies":[{"embeddable":true,"href":"https:\/\/diarioavancetabasco.com\/index.php?rest_route=%2Fwp%2Fv2%2Fcomments&post=488621"}],"version-history":[{"count":1,"href":"https:\/\/diarioavancetabasco.com\/index.php?rest_route=\/wp\/v2\/posts\/488621\/revisions"}],"predecessor-version":[{"id":488623,"href":"https:\/\/diarioavancetabasco.com\/index.php?rest_route=\/wp\/v2\/posts\/488621\/revisions\/488623"}],"wp:featuredmedia":[{"embeddable":true,"href":"https:\/\/diarioavancetabasco.com\/index.php?rest_route=\/wp\/v2\/media\/488622"}],"wp:attachment":[{"href":"https:\/\/diarioavancetabasco.com\/index.php?rest_route=%2Fwp%2Fv2%2Fmedia&parent=488621"}],"wp:term":[{"taxonomy":"category","embeddable":true,"href":"https:\/\/diarioavancetabasco.com\/index.php?rest_route=%2Fwp%2Fv2%2Fcategories&post=488621"},{"taxonomy":"post_tag","embeddable":true,"href":"https:\/\/diarioavancetabasco.com\/index.php?rest_route=%2Fwp%2Fv2%2Ftags&post=488621"}],"curies":[{"name":"wp","href":"https:\/\/api.w.org\/{rel}","templated":true}]}}