{"id":488624,"date":"2025-12-10T10:48:23","date_gmt":"2025-12-10T16:48:23","guid":{"rendered":"https:\/\/diarioavancetabasco.com\/?p=488624"},"modified":"2025-12-10T10:48:23","modified_gmt":"2025-12-10T16:48:23","slug":"sheinbaum-destaca-entre-las-5-mujeres-mas-poderosas-del-mundo-segun-la-revista-forbes","status":"publish","type":"post","link":"https:\/\/diarioavancetabasco.com\/?p=488624","title":{"rendered":"Sheinbaum destaca entre las 5 mujeres m\u00e1s poderosas del mundo, seg\u00fan la revista Forbes"},"content":{"rendered":"\n<p style=\"font-size:22px\">Forbes describe a Claudia Sheinbaum como la mujer que \u00abhizo historia al ser elegida la primera presidenta de M\u00e9xico con una victoria aplastante en junio de 2024. Su toma de posesi\u00f3n ese octubre fue recibida con v\u00edtores de &#8216;Presidenta\u00bb<\/p>\n\n\n\n<p><strong>Agencia\/CIUDAD DE M\u00c9XICO<\/strong><\/p>\n\n\n\n<p>La revista Forbes incluy\u00f3 a Claudia Sheinbaum Pardo en su lista de \u00abLas mujeres m\u00e1s poderosas del mundo en 2025\u00bb, ocupando el lugar n\u00famero 5 dentro de un listado que incluye 100 nombres.<\/p>\n\n\n\n<p>Entre personajes como Taylor Swift, Kim Kardashian, MacKenzie Scott, Ngozi Okonjo-Iweala y Sanae Takaichi, el nombre de la Presidenta de M\u00e9xico se encuentra en el top 5 de las mujeres m\u00e1s poderosas mundialmente.<\/p>\n\n\n\n<p>Forbes describe a Claudia Sheinbaum como la mujer que \u00abhizo historia al ser elegida la primera presidenta de M\u00e9xico con una victoria aplastante en junio de 2024. Su toma de posesi\u00f3n ese octubre fue recibida con v\u00edtores de &#8216;Presidenta'\u00bb.<\/p>\n\n\n\n<p>La revista destaca el cargo de jefa de Gobierno de la Ciudad de M\u00e9xico (2018 a 2023), de la ahora primera presidenta mujer del pa\u00eds, y se\u00f1ala que \u00abuno de sus logros fue la introducci\u00f3n de un nuevo sistema de \u00abcableb\u00fas\u00bb que mejor\u00f3 los desplazamientos en toda la ciudad\u00bb.<\/p>\n\n\n\n<p>Tambi\u00e9n la reconoce como una \u00abcient\u00edfica destacada con un doctorado en ingenier\u00eda energ\u00e9tica, se encuentra entre los cient\u00edficos y legisladores que comparten el Premio Nobel de la Paz 2007 por su participaci\u00f3n en un panel de ciencias del clima de las Naciones Unidas\u00bb.<\/p>\n\n\n\n<p>Esta es la 22\u00aa lista anual de Forbes, la cual se determin\u00f3 con base en cuatro m\u00e9tricas principales: dinero, medios de comunicaci\u00f3n, impacto y esferas de influencia.<\/p>\n\n\n\n<p>Para los l\u00edderes pol\u00edticos, se consideraron el producto interno bruto y la poblaci\u00f3n; para los directores corporativos, los ingresos, las valoraciones y el n\u00famero de empleados fueron cruciales; tambi\u00e9n se analizaron las menciones en los medios de comunicaci\u00f3n de todos ellos.<\/p>\n\n\n\n<p>ENTRE LOS PRIMEROS CINCO LUGARES DE ESTA LISTA SE ENCUENTRAN:<\/p>\n\n\n\n<p>Ursula von der Leyen, primera mujer en ocupar el cargo de presidenta de la Comisi\u00f3n Europea, el \u00f3rgano ejecutivo de la Uni\u00f3n Europea.<\/p>\n\n\n\n<p>Christine Lagarde, presidenta del Banco Central Europeo, quien se convirti\u00f3 en la primera mujer en dirigir esta intituci\u00f3n bancaria el 1 de noviembre de 2019.<\/p>\n\n\n\n<p>Sanae Takaichi, primera ministra de Jap\u00f3n y la primera mujer en la historia del pa\u00eds que ocupa este cargo; en octubre de 2025 fue elegida para el cargo y a menudo ha invocado a la \u00abDama de Hierro\u00bb Margaret Thatcher como modelo pol\u00edtico.<\/p>\n\n\n\n<p>Giorgia Meloni, primera ministra de Italia, primera mujer en la historia en ocupar el cargo, quien tambi\u00e9n es cofundadora del partido derechista Hermanos de Italia.<\/p>\n\n\n\n<p>Claudia Sheinbaum Pardo, presidenta de M\u00e9xico, primera mujer en el pa\u00eds en ser electa como Mandataria federal.<\/p>\n\n\n\n<p>En esta lista tambi\u00e9n se incluye a la fil\u00e1ntropa MacKenzie Scott, en el n\u00famero 11; Amy Hood, vicepresidenta ejecutiva y directora financiera de Microsoft, en el n\u00famero 16; Gwynne Shotwell, presidenta y directora de operaciones de SpaceX, en el lugar 20; la cantante Taylor Swift, quien ocupa el lugar n\u00famero 21; Sarah Friar, directora financiera de Open AI, en el puesto 50; Claudine Adamo, directora de operaciones y comercializaci\u00f3n de Costco, en el sitio 70; Kim Kardashian, empresaria y cofundadora de Skims, ubicada en el lugar 71; y en el lugar 100 se encuentran las mujeres de KPOP Demon Hunters, de las empresas Netflix y Sony Pictures Animation.<\/p>\n","protected":false},"excerpt":{"rendered":"<p>Forbes describe a Claudia Sheinbaum como la mujer que \u00abhizo historia al ser elegida la primera presidenta de M\u00e9xico con una victoria aplastante en junio de 2024. Su toma de posesi\u00f3n ese octubre fue recibida con v\u00edtores de &#8216;Presidenta\u00bb Agencia\/CIUDAD DE M\u00c9XICO La revista Forbes incluy\u00f3 a Claudia Sheinbaum Pardo en su lista de \u00abLas [&hellip;]<\/p>\n","protected":false},"author":2,"featured_media":488625,"comment_status":"closed","ping_status":"closed","sticky":false,"template":"","format":"standard","meta":{"footnotes":""},"categories":[62],"tags":[],"class_list":["post-488624","post","type-post","status-publish","format-standard","has-post-thumbnail","hentry","category-el-pais"],"_links":{"self":[{"href":"https:\/\/diarioavancetabasco.com\/index.php?rest_route=\/wp\/v2\/posts\/488624","targetHints":{"allow":["GET"]}}],"collection":[{"href":"https:\/\/diarioavancetabasco.com\/index.php?rest_route=\/wp\/v2\/posts"}],"about":[{"href":"https:\/\/diarioavancetabasco.com\/index.php?rest_route=\/wp\/v2\/types\/post"}],"author":[{"embeddable":true,"href":"https:\/\/diarioavancetabasco.com\/index.php?rest_route=\/wp\/v2\/users\/2"}],"replies":[{"embeddable":true,"href":"https:\/\/diarioavancetabasco.com\/index.php?rest_route=%2Fwp%2Fv2%2Fcomments&post=488624"}],"version-history":[{"count":1,"href":"https:\/\/diarioavancetabasco.com\/index.php?rest_route=\/wp\/v2\/posts\/488624\/revisions"}],"predecessor-version":[{"id":488626,"href":"https:\/\/diarioavancetabasco.com\/index.php?rest_route=\/wp\/v2\/posts\/488624\/revisions\/488626"}],"wp:featuredmedia":[{"embeddable":true,"href":"https:\/\/diarioavancetabasco.com\/index.php?rest_route=\/wp\/v2\/media\/488625"}],"wp:attachment":[{"href":"https:\/\/diarioavancetabasco.com\/index.php?rest_route=%2Fwp%2Fv2%2Fmedia&parent=488624"}],"wp:term":[{"taxonomy":"category","embeddable":true,"href":"https:\/\/diarioavancetabasco.com\/index.php?rest_route=%2Fwp%2Fv2%2Fcategories&post=488624"},{"taxonomy":"post_tag","embeddable":true,"href":"https:\/\/diarioavancetabasco.com\/index.php?rest_route=%2Fwp%2Fv2%2Ftags&post=488624"}],"curies":[{"name":"wp","href":"https:\/\/api.w.org\/{rel}","templated":true}]}}