{"id":488630,"date":"2025-12-10T11:45:03","date_gmt":"2025-12-10T17:45:03","guid":{"rendered":"https:\/\/diarioavancetabasco.com\/?p=488630"},"modified":"2025-12-10T11:45:03","modified_gmt":"2025-12-10T17:45:03","slug":"inmediatamente-mexico-debe-resolver-el-problema-del-agua-exige-donald-trump","status":"publish","type":"post","link":"https:\/\/diarioavancetabasco.com\/?p=488630","title":{"rendered":"\u201cInmediatamente\u201d M\u00e9xico debe resolver el problema del agua exige Donald Trump"},"content":{"rendered":"\n<p style=\"font-size:22px\">El mandatario agreg\u00f3 que se trata de \u201c\u00a1una verdadera amenaza para la gente de Texas, California y Estados Unidos\u201d<\/p>\n\n\n\n<p><strong>Agencia\/Estados Unidos<\/strong><\/p>\n\n\n\n<p>El presidente de Estados Unidos, Donald Trump, exigi\u00f3 este mi\u00e9rcoles a M\u00e9xico que atienda el problema del agua \u201cinmediatamente\u201d.<\/p>\n\n\n\n<p>En un post en Truth Social, dijo que \u201cM\u00e9xico debe atender su problema de agua y drenaje, INMEDIATAMENTE\u201d.<\/p>\n\n\n\n<p>El mandatario estadounidense agreg\u00f3 que se trata de \u201c\u00a1una verdadera amenaza para la gente de Texas, California y Estados Unidos!\u201d.<\/p>\n\n\n\n<p>Trump amenaz\u00f3 el lunes con imponer un arancel del 5% a M\u00e9xico si el pa\u00eds vecino no libera antes del 31 de diciembre los 246.6 millones de metros c\u00fabicos de agua pendientes seg\u00fan el Tratado de Aguas, un acuerdo que desde 1944 regula la gesti\u00f3n de los r\u00edos Colorado, Bravo y Conchos, que cruzan ambas naciones.<\/p>\n\n\n\n<p>El presidente estadounidense se\u00f1al\u00f3 que M\u00e9xico a\u00fan debe m\u00e1s de 986.4 millones de metros c\u00fabicos acumulados en los \u00faltimos cinco a\u00f1os y advirti\u00f3 que mientras no se cumpla con el tratado, los agricultores y ganaderos estadounidenses continuar\u00e1n sufriendo da\u00f1os econ\u00f3micos.<\/p>\n\n\n\n<p>De acuerdo con el tratado de 1944, Estados Unidos debe enviar mil 850 millones de metros c\u00fabicos desde el r\u00edo Colorado al a\u00f1o a M\u00e9xico y M\u00e9xico 2 mil 185 millones de metros c\u00fabicos del r\u00edo Bravo en ciclos de cinco a\u00f1os.<\/p>\n\n\n\n<p>Sheinbaum conf\u00eda en lograr acuerdo con EU sobre tema del agua<\/p>\n\n\n\n<p>El martes hubo una reuni\u00f3n para abordar el tema. En su conferencia de este mi\u00e9rcoles, la presidenta de M\u00e9xico, Claudia Sheinbaum, afirm\u00f3 que las negociaciones con el gobierno de Estados Unidos siguen en marcha y que \u00abconf\u00eda\u00bb alcanzar un acuerdo ante la amenaza del presidente Trump de imponer un arancel del 5% por incumplimiento del Tratado de Aguas bilateral.<\/p>\n\n\n\n<p>\u00abYo conf\u00edo en que vamos a llegar a un acuerdo. De todas maneras, \u00bfc\u00f3mo tiene que actuar el gobierno de M\u00e9xico? Pues cumpliendo con el tratado, pero en la defensa tambi\u00e9n de los intereses del pueblo de M\u00e9xico y de la naci\u00f3n\u00bb, afirm\u00f3 la mandataria mexicana.<\/p>\n","protected":false},"excerpt":{"rendered":"<p>El mandatario agreg\u00f3 que se trata de \u201c\u00a1una verdadera amenaza para la gente de Texas, California y Estados Unidos\u201d Agencia\/Estados Unidos El presidente de Estados Unidos, Donald Trump, exigi\u00f3 este mi\u00e9rcoles a M\u00e9xico que atienda el problema del agua \u201cinmediatamente\u201d. En un post en Truth Social, dijo que \u201cM\u00e9xico debe atender su problema de agua [&hellip;]<\/p>\n","protected":false},"author":2,"featured_media":488631,"comment_status":"closed","ping_status":"closed","sticky":false,"template":"","format":"standard","meta":{"footnotes":""},"categories":[63],"tags":[],"class_list":["post-488630","post","type-post","status-publish","format-standard","has-post-thumbnail","hentry","category-el-mundo"],"_links":{"self":[{"href":"https:\/\/diarioavancetabasco.com\/index.php?rest_route=\/wp\/v2\/posts\/488630","targetHints":{"allow":["GET"]}}],"collection":[{"href":"https:\/\/diarioavancetabasco.com\/index.php?rest_route=\/wp\/v2\/posts"}],"about":[{"href":"https:\/\/diarioavancetabasco.com\/index.php?rest_route=\/wp\/v2\/types\/post"}],"author":[{"embeddable":true,"href":"https:\/\/diarioavancetabasco.com\/index.php?rest_route=\/wp\/v2\/users\/2"}],"replies":[{"embeddable":true,"href":"https:\/\/diarioavancetabasco.com\/index.php?rest_route=%2Fwp%2Fv2%2Fcomments&post=488630"}],"version-history":[{"count":1,"href":"https:\/\/diarioavancetabasco.com\/index.php?rest_route=\/wp\/v2\/posts\/488630\/revisions"}],"predecessor-version":[{"id":488632,"href":"https:\/\/diarioavancetabasco.com\/index.php?rest_route=\/wp\/v2\/posts\/488630\/revisions\/488632"}],"wp:featuredmedia":[{"embeddable":true,"href":"https:\/\/diarioavancetabasco.com\/index.php?rest_route=\/wp\/v2\/media\/488631"}],"wp:attachment":[{"href":"https:\/\/diarioavancetabasco.com\/index.php?rest_route=%2Fwp%2Fv2%2Fmedia&parent=488630"}],"wp:term":[{"taxonomy":"category","embeddable":true,"href":"https:\/\/diarioavancetabasco.com\/index.php?rest_route=%2Fwp%2Fv2%2Fcategories&post=488630"},{"taxonomy":"post_tag","embeddable":true,"href":"https:\/\/diarioavancetabasco.com\/index.php?rest_route=%2Fwp%2Fv2%2Ftags&post=488630"}],"curies":[{"name":"wp","href":"https:\/\/api.w.org\/{rel}","templated":true}]}}