{"id":488633,"date":"2025-12-10T12:20:56","date_gmt":"2025-12-10T18:20:56","guid":{"rendered":"https:\/\/diarioavancetabasco.com\/?p=488633"},"modified":"2025-12-10T12:20:56","modified_gmt":"2025-12-10T18:20:56","slug":"resuelven-problema-de-agua-potable-de-buena-vista-apasco-en-macuspana","status":"publish","type":"post","link":"https:\/\/diarioavancetabasco.com\/?p=488633","title":{"rendered":"Resuelven problema de agua potable de Buena Vista Apasco en Macuspana"},"content":{"rendered":"\n<p style=\"font-size:22px\">Tras 20 a\u00f1os de gestiones sin ser tomados en cuenta, pobladores encontraron en el gobierno de Javier May Rodr\u00edguez una respuesta contundente<\/p>\n\n\n\n<p><strong>Redacci\u00f3n\/Avance<\/strong><\/p>\n\n\n\n<p>Luego de haber comenzado a tocar puertas desde el a\u00f1o 2005, pobladores de Buena Vista Apasco, Macuspana, encontraron en el Gobierno de Javier May Rodr\u00edguez la soluci\u00f3n al problema de falta de agua potable.<\/p>\n\n\n\n<p>Por instrucciones del Jefe del Ejecutivo, la Comisi\u00f3n Estatal de Agua y Saneamiento (CEAS), instal\u00f3 en esta demarcaci\u00f3n la Red de Agua Potable en las zonas m\u00e1s altas, para beneficio de m\u00e1s de 2 mil habitantes.<\/p>\n\n\n\n<p>Efra\u00edn Campos Rivero, director de Operaci\u00f3n, Mantenimiento y Control y Calidad del Agua (DOMCCA) del organismo, explic\u00f3 que se instalaron en esta comunidad 1 mil 290 metros lineales de tuber\u00edas de 4 pulgadas y 170 tomas domiciliarias.<\/p>\n\n\n\n<p>Enfatiz\u00f3 tambi\u00e9n que la meta-compromiso fue superada, ya que se ten\u00eda en proyecto130 tomas domiciliarias.<\/p>\n\n\n\n<p>Ahora estas familias reciben el vital l\u00edquido de la Planta Potabilizadora operada por la CEAS, que tiene una capacidad de 25 litros por segundo.<\/p>\n\n\n\n<p>El se\u00f1or, Fernando Equis L\u00f3pez, delegado de Buenavista Apasco, reconoci\u00f3 al Gobernador, Javier May Rodr\u00edguez, por haber resuelto una petici\u00f3n que ven\u00edan gestionando desde hac\u00eda m\u00e1s de dos d\u00e9cadas.<\/p>\n\n\n\n<p>\u201cEl Gobernador, Javier May, en las audiencias p\u00fablicas que realmente hemos estado nosotros acompa\u00f1ando, yendo a la gestor\u00eda, nos ha atendido muy bien y de alguna otra forma hoy se llev\u00f3 a cabo esta obra. Tenemos 20 a\u00f1os de gesti\u00f3n de esta obra que por primera vez Buena Vista cuenta con agua potable\u201d, expres\u00f3 el ciudadano.<\/p>\n\n\n\n<p>La se\u00f1ora, Raquel Ram\u00edrez, dijo que por primera vez le lleg\u00f3 el vital l\u00edquido en m\u00e1s de 15 a\u00f1os que tiene viviendo en Buenavista Apasco. \u201cPues aqu\u00ed no nos llegaba el agua, ten\u00edamos que comprar agua; ahorita s\u00ed, parece que ya no vamos a tener ese problema\u201d, expuso.<\/p>\n\n\n\n<p>Con estas acciones, el Gobierno del Pueblo, a trav\u00e9s de la CEAS, contin\u00faa avanzando en su compromiso de brindar agua potable de calidad a todos los habitantes del Estado.<\/p>\n","protected":false},"excerpt":{"rendered":"<p>Tras 20 a\u00f1os de gestiones sin ser tomados en cuenta, pobladores encontraron en el gobierno de Javier May Rodr\u00edguez una respuesta contundente Redacci\u00f3n\/Avance Luego de haber comenzado a tocar puertas desde el a\u00f1o 2005, pobladores de Buena Vista Apasco, Macuspana, encontraron en el Gobierno de Javier May Rodr\u00edguez la soluci\u00f3n al problema de falta de [&hellip;]<\/p>\n","protected":false},"author":2,"featured_media":488634,"comment_status":"closed","ping_status":"closed","sticky":false,"template":"","format":"standard","meta":{"footnotes":""},"categories":[57],"tags":[],"class_list":["post-488633","post","type-post","status-publish","format-standard","has-post-thumbnail","hentry","category-local"],"_links":{"self":[{"href":"https:\/\/diarioavancetabasco.com\/index.php?rest_route=\/wp\/v2\/posts\/488633","targetHints":{"allow":["GET"]}}],"collection":[{"href":"https:\/\/diarioavancetabasco.com\/index.php?rest_route=\/wp\/v2\/posts"}],"about":[{"href":"https:\/\/diarioavancetabasco.com\/index.php?rest_route=\/wp\/v2\/types\/post"}],"author":[{"embeddable":true,"href":"https:\/\/diarioavancetabasco.com\/index.php?rest_route=\/wp\/v2\/users\/2"}],"replies":[{"embeddable":true,"href":"https:\/\/diarioavancetabasco.com\/index.php?rest_route=%2Fwp%2Fv2%2Fcomments&post=488633"}],"version-history":[{"count":1,"href":"https:\/\/diarioavancetabasco.com\/index.php?rest_route=\/wp\/v2\/posts\/488633\/revisions"}],"predecessor-version":[{"id":488635,"href":"https:\/\/diarioavancetabasco.com\/index.php?rest_route=\/wp\/v2\/posts\/488633\/revisions\/488635"}],"wp:featuredmedia":[{"embeddable":true,"href":"https:\/\/diarioavancetabasco.com\/index.php?rest_route=\/wp\/v2\/media\/488634"}],"wp:attachment":[{"href":"https:\/\/diarioavancetabasco.com\/index.php?rest_route=%2Fwp%2Fv2%2Fmedia&parent=488633"}],"wp:term":[{"taxonomy":"category","embeddable":true,"href":"https:\/\/diarioavancetabasco.com\/index.php?rest_route=%2Fwp%2Fv2%2Fcategories&post=488633"},{"taxonomy":"post_tag","embeddable":true,"href":"https:\/\/diarioavancetabasco.com\/index.php?rest_route=%2Fwp%2Fv2%2Ftags&post=488633"}],"curies":[{"name":"wp","href":"https:\/\/api.w.org\/{rel}","templated":true}]}}