{"id":488700,"date":"2025-12-11T13:27:03","date_gmt":"2025-12-11T19:27:03","guid":{"rendered":"https:\/\/diarioavancetabasco.com\/?p=488700"},"modified":"2025-12-11T13:27:03","modified_gmt":"2025-12-11T19:27:03","slug":"muere-jeff-garcia-actor-comediante-y-quien-le-dio-voz-a-sheen-estevez-en-la-pelicula-jimmy-neutron","status":"publish","type":"post","link":"https:\/\/diarioavancetabasco.com\/?p=488700","title":{"rendered":"Muere Jeff Garc\u00eda, actor, comediante y quien le dio voz a Sheen Estevez en la pel\u00edcula \u00abJimmy Neutron\u00bb"},"content":{"rendered":"\n<p><strong>Agencia\/CIUDAD DE M\u00c9XICO<\/strong><\/p>\n\n\n\n<p>Jeff Garc\u00eda, actor y comediante que dio voz a Sheen Estevez en la pel\u00edcula \u00abJimmy Neutron\u00bb, falleci\u00f3 a los 50 a\u00f1os tras padecer varios problemas de salud en los meses recientes, seg\u00fan reporta TMZ.<\/p>\n\n\n\n<p>Garc\u00eda, quien apareci\u00f3 en muchos programas populares de la d\u00e9cada del 2000, fue declarado muerto la madrugada del mi\u00e9rcoles despu\u00e9s de que le desconectaran el soporte vital el martes por la noche en un hospital del sur de California mientras estaba rodeado de familiares y amigos.<\/p>\n\n\n\n<p>TMZ se\u00f1ala que Jeff sufri\u00f3 m\u00faltiples complicaciones m\u00e9dicas en los meses previos a su muerte, sufri\u00f3 un aneurisma cerebral en primavera, durante el cual se cay\u00f3 y se golpe\u00f3 la cabeza; se recuper\u00f3 del aneurisma pero enfrent\u00f3 un derrame cerebral.<\/p>\n\n\n\n<p>Cancel\u00f3 varios shows recientemente porque no se sent\u00eda bien, lo cual no era habitual en \u00e9l, pero no fue al hospital, creyendo que estar\u00eda bien sin tratamiento.<\/p>\n\n\n\n<p>Fuentes nos informaron que Jeff hab\u00eda estado hospitalizado previamente alrededor del 20 de noviembre por neumon\u00eda, se recuper\u00f3 lo suficiente como para recibir el alta, pero su salud empeor\u00f3 en las \u00faltimas semanas, pues el lunes, ingres\u00f3 al hospital con dificultad para respirar y el martes, sufri\u00f3 un colapso pulmonar.<\/p>\n\n\n\n<p><strong>\u00bfQUI\u00c9N ERA JEFF GARC\u00cdA?<\/strong><\/p>\n\n\n\n<p>Jeff Garc\u00eda, conocido profesionalmente como Jeffrey Garcia, inici\u00f3 su carrera actoral en el doblaje y la animaci\u00f3n infantil. Gan\u00f3 fama mundial por prestar su voz al hiperactivo Sheen Estevez en la pel\u00edcula \u00abJimmy Neutron: El ni\u00f1o genio\u00bb (2001), la serie \u00abLas aventuras de Jimmy Neutron, el ni\u00f1o genio\u00bb (2002) y el spin-off \u00abPlaneta Sheen\u00bb (2010-2013), roles que lo consolidaron como una voz ic\u00f3nica en Nickelodeon.\u200b<\/p>\n\n\n\n<p>En paralelo, particip\u00f3 en otras producciones animadas como \u00abHappy Feet\u00bb (2006) y su secuela (2011), donde dio vida a Rinaldo, y en la serie \u00abLa Granja\u00bb (2006) junto a su spin-off \u00abBack at the Barnyard\u00bb (2007-2011), interpretando a Pip the Mouse durante m\u00e1s de 50 episodios. Tambi\u00e9n prest\u00f3 su voz en videojuegos como \u00abSaints Row: The Third\u00bb (2011) y acumul\u00f3 cr\u00e9ditos en unos 46 proyectos como actor y escritor.\u200b<\/p>\n\n\n\n<p>Su trayectoria combin\u00f3 comedia y animaci\u00f3n, con apariciones como \u00e9l mismo en 18 producciones.<\/p>\n","protected":false},"excerpt":{"rendered":"<p>Agencia\/CIUDAD DE M\u00c9XICO Jeff Garc\u00eda, actor y comediante que dio voz a Sheen Estevez en la pel\u00edcula \u00abJimmy Neutron\u00bb, falleci\u00f3 a los 50 a\u00f1os tras padecer varios problemas de salud en los meses recientes, seg\u00fan reporta TMZ. Garc\u00eda, quien apareci\u00f3 en muchos programas populares de la d\u00e9cada del 2000, fue declarado muerto la madrugada del [&hellip;]<\/p>\n","protected":false},"author":2,"featured_media":488701,"comment_status":"closed","ping_status":"closed","sticky":false,"template":"","format":"standard","meta":{"footnotes":""},"categories":[65],"tags":[],"class_list":["post-488700","post","type-post","status-publish","format-standard","has-post-thumbnail","hentry","category-farandula"],"_links":{"self":[{"href":"https:\/\/diarioavancetabasco.com\/index.php?rest_route=\/wp\/v2\/posts\/488700","targetHints":{"allow":["GET"]}}],"collection":[{"href":"https:\/\/diarioavancetabasco.com\/index.php?rest_route=\/wp\/v2\/posts"}],"about":[{"href":"https:\/\/diarioavancetabasco.com\/index.php?rest_route=\/wp\/v2\/types\/post"}],"author":[{"embeddable":true,"href":"https:\/\/diarioavancetabasco.com\/index.php?rest_route=\/wp\/v2\/users\/2"}],"replies":[{"embeddable":true,"href":"https:\/\/diarioavancetabasco.com\/index.php?rest_route=%2Fwp%2Fv2%2Fcomments&post=488700"}],"version-history":[{"count":1,"href":"https:\/\/diarioavancetabasco.com\/index.php?rest_route=\/wp\/v2\/posts\/488700\/revisions"}],"predecessor-version":[{"id":488702,"href":"https:\/\/diarioavancetabasco.com\/index.php?rest_route=\/wp\/v2\/posts\/488700\/revisions\/488702"}],"wp:featuredmedia":[{"embeddable":true,"href":"https:\/\/diarioavancetabasco.com\/index.php?rest_route=\/wp\/v2\/media\/488701"}],"wp:attachment":[{"href":"https:\/\/diarioavancetabasco.com\/index.php?rest_route=%2Fwp%2Fv2%2Fmedia&parent=488700"}],"wp:term":[{"taxonomy":"category","embeddable":true,"href":"https:\/\/diarioavancetabasco.com\/index.php?rest_route=%2Fwp%2Fv2%2Fcategories&post=488700"},{"taxonomy":"post_tag","embeddable":true,"href":"https:\/\/diarioavancetabasco.com\/index.php?rest_route=%2Fwp%2Fv2%2Ftags&post=488700"}],"curies":[{"name":"wp","href":"https:\/\/api.w.org\/{rel}","templated":true}]}}